{"id":18748,"date":"2015-02-23T21:21:39","date_gmt":"2015-02-24T01:51:39","guid":{"rendered":"http:\/\/gradadigital.com\/home\/?p=18748"},"modified":"2015-02-23T21:41:21","modified_gmt":"2015-02-24T02:11:21","slug":"alfredo-acuna-en-casa-tenemos-que-hacernos-respetar","status":"publish","type":"post","link":"http:\/\/gradadigital.com\/home\/alfredo-acuna-en-casa-tenemos-que-hacernos-respetar\/","title":{"rendered":"Alfredo Acu\u00f1a: \u00abEn casa tenemos que hacernos respetar\u00bb"},"content":{"rendered":"<p style=\"text-align: center;\"><img decoding=\"async\" class=\"details-image\" draggable=\"false\" src=\"http:\/\/gradadigital.com\/home\/wp-content\/uploads\/2015\/02\/alfredo_acu%C3%B1a_entrenamieto_zamora_23022015.jpg\" alt=\"\" \/><\/p>\n<p style=\"text-align: center;\"><img decoding=\"async\" class=\"details-image\" draggable=\"false\" src=\"http:\/\/gradadigital.com\/home\/wp-content\/uploads\/2014\/12\/banner_opcion_comentarios_gd.jpg\" alt=\"\" \/><\/p>\n<p style=\"text-align: justify;\"><span lang=\"ES-VE\"><strong>Peter Herrera \/ Prensa Zamora FC &#8211;<\/strong> El Z<\/span><span lang=\"ES-VE\">amora F\u00fatbol Club retom\u00f3 sus trabajos previos al segundo duelo de la Copa Bridgestone Libertadores 2015, en el cual recibir\u00e1 el pr\u00f3ximo jueves 26 de febrero al CD Palestino de Chile en el estadio Agust\u00edn Tovar \u201cLa Carolina\u201d. El bicampe\u00f3n se prepara a gran ritmo, con el objetivo de sumar en casa sus primeros puntos en el certamen internacional.<\/span><\/p>\n<p style=\"text-align: justify;\"><span lang=\"ES-VE\">El asistente t\u00e9cnico Alfredo Acu\u00f1a, habl\u00f3 sobre la planificaci\u00f3n de la Furia Llanera, previo a este compromiso: <strong>\u201cEl grupo se ha mantenido trabajando fuerte. La idea fundamental, hasta ahora, es corregir algunos detalles que tuvimos en Uruguay, sobre todo en la marca. Y ya tratando de moldear el grupo para lo que ser\u00e1 ese compromiso ante Palestino\u201d<\/strong>.<\/span><\/p>\n<p style=\"text-align: justify;\"><span lang=\"ES-VE\"><strong>\u201cEste es un grupo con muy buenas variantes\u201d<\/strong>, <\/span><span lang=\"ES-VE\">enfatiz\u00f3 Acu\u00f1a. <strong>\u201cEstamos tranquilos porque hay jugadores importantes que van a poder ver minutos, a pesar de la ausencia de tres referentes (Jhon Murillo, \u00c1ngel Far\u00eda y Luis Ovalle) s\u00e9 que quienes tengan la oportunidad van a dar el mismo esfuerzo\u201d<\/strong>, explic\u00f3 el entrenador barin\u00e9s.<\/span><\/p>\n<p style=\"text-align: justify;\"><span lang=\"ES-VE\">Sobre los cambios que deber\u00e1 aplicar el blanquinegro para asegurar la victoria, Alfredo a\u00f1adi\u00f3 que: <strong>\u201cLa clave ser\u00e1 estar concentrados. Creo que esos 10 minutos que tuvimos con falta de concentraci\u00f3n, sumado a las expulsiones, nos afectaron en muchos aspectos. Pero ya hemos hecho trabajos correctivos para que podamos hacer un gran juego\u201d<\/strong>.<\/span><\/p>\n<p style=\"text-align: justify;\"><span lang=\"ES-VE\">En cuanto al conocimiento del cuerpo t\u00e9cnico zamorano, el Asistente T\u00e9cnico coment\u00f3: <strong>\u201cEs un rival que maneja muy bien la pelota, que tiene muy buen f\u00fatbol. Que al igual que nosotros tratan de hacer una presi\u00f3n alta, con buen trabajo colectivo. Por lo que creo que va a ser un partido muy lindo, con dos equipos que proponen y donde la idea es no dejarlos jugar para contrarrestar sus virtudes. Ac\u00e1 en casa tenemos que hacernos respetar, siempre y cuando tengamos la pelota y demos una buena demostraci\u00f3n de f\u00fatbol\u201d<\/strong>, concret\u00f3.<\/span><\/p>\n<p style=\"text-align: center;\"><a href=\"https:\/\/play.google.com\/store\/apps\/details?id=com.app.gradadigital\" target=\"_blank\"><img decoding=\"async\" class=\"details-image\" draggable=\"false\" src=\"http:\/\/gradadigital.com\/home\/wp-content\/uploads\/2014\/10\/banner_aplicacion_V2_GRADADIGITAL_17102014.jpg\" alt=\"\" \/><\/a><\/p>\n","protected":false},"excerpt":{"rendered":"<p>Peter Herrera \/ Prensa Zamora FC &#8211; El Zamora F\u00fatbol Club retom\u00f3 sus trabajos previos al segundo duelo de la Copa Bridgestone Libertadores 2015, en el cual recibir\u00e1 el pr\u00f3ximo jueves 26 de febrero al CD Palestino de Chile en el estadio Agust\u00edn Tovar \u201cLa Carolina\u201d. El bicampe\u00f3n se prepara a gran ritmo, con el &#8230;<\/p>\n","protected":false},"author":3,"featured_media":18749,"comment_status":"closed","ping_status":"closed","sticky":false,"template":"","format":"standard","meta":{"footnotes":""},"categories":[752,37,36,21],"tags":[1147,79,973,1085,1087,51,1847],"class_list":["post-18748","post","type-post","status-publish","format-standard","has-post-thumbnail","hentry","category-appgd","category-copa-libertadores","category-internacional","category-zamora-fc","tag-alfredo-acuna","tag-chile","tag-copa-libertadores-2015","tag-grupo-5","tag-palestino","tag-venezuela","tag-zamora-fc"],"_links":{"self":[{"href":"http:\/\/gradadigital.com\/home\/wp-json\/wp\/v2\/posts\/18748","targetHints":{"allow":["GET"]}}],"collection":[{"href":"http:\/\/gradadigital.com\/home\/wp-json\/wp\/v2\/posts"}],"about":[{"href":"http:\/\/gradadigital.com\/home\/wp-json\/wp\/v2\/types\/post"}],"author":[{"embeddable":true,"href":"http:\/\/gradadigital.com\/home\/wp-json\/wp\/v2\/users\/3"}],"replies":[{"embeddable":true,"href":"http:\/\/gradadigital.com\/home\/wp-json\/wp\/v2\/comments?post=18748"}],"version-history":[{"count":3,"href":"http:\/\/gradadigital.com\/home\/wp-json\/wp\/v2\/posts\/18748\/revisions"}],"predecessor-version":[{"id":18752,"href":"http:\/\/gradadigital.com\/home\/wp-json\/wp\/v2\/posts\/18748\/revisions\/18752"}],"wp:featuredmedia":[{"embeddable":true,"href":"http:\/\/gradadigital.com\/home\/wp-json\/wp\/v2\/media\/18749"}],"wp:attachment":[{"href":"http:\/\/gradadigital.com\/home\/wp-json\/wp\/v2\/media?parent=18748"}],"wp:term":[{"taxonomy":"category","embeddable":true,"href":"http:\/\/gradadigital.com\/home\/wp-json\/wp\/v2\/categories?post=18748"},{"taxonomy":"post_tag","embeddable":true,"href":"http:\/\/gradadigital.com\/home\/wp-json\/wp\/v2\/tags?post=18748"}],"curies":[{"name":"wp","href":"https:\/\/api.w.org\/{rel}","templated":true}]}}