{"id":18729,"date":"2015-02-22T22:15:22","date_gmt":"2015-02-23T02:45:22","guid":{"rendered":"http:\/\/gradadigital.com\/home\/?p=18729"},"modified":"2015-03-29T13:28:37","modified_gmt":"2015-03-29T17:58:37","slug":"video-marlon-fernandez-se-estrena-como-goleador-en-colombia","status":"publish","type":"post","link":"http:\/\/gradadigital.com\/home\/video-marlon-fernandez-se-estrena-como-goleador-en-colombia\/","title":{"rendered":"VIDEO | Marlon Fern\u00e1ndez se estrena como goleador en Colombia"},"content":{"rendered":"<div class=\"mod_player_interior\">\n<p><video id=\"video\" controls=\"controls\" width=\"621\" height=\"361\"><source type=\"video\/mp4\" src=\"http:\/\/player.vimeo.com\/external\/120323570.sd.mp4?s=a5ebbc9f635761b1ed39a12ece4eb6bb\" \/><\/video><br \/>\n<!--<\/p>\n\n\n<\/p>\n\n\n\n<p><video controls width=\"621\" height=\"361\" id=\"v\u2026     --><p style=\"text-align: center;\"><img decoding=\"async\" class=\"details-image\" draggable=\"false\" src=\"http:\/\/gradadigital.com\/home\/wp-content\/uploads\/2014\/12\/banner_opcion_comentarios_gd.jpg\" alt=\"\" \/><\/p>\n<p style=\"text-align: justify;\"><strong>GradaDigital.com &#8211;<\/strong> El mediocampista venezolano\u00a0Marlon Fern\u00e1ndez anot\u00f3 el domingo, 22 de febrero, en la victoria como local del Deportivo Pasto 2-1 frente al Atl\u00e9tico Nacional de Alejandro Guerra (no fue convocado), partido correspondiente a la Jornada 5 del Torneo Apertura 2015 de la Primera A de Colombia.<\/p>\n<p style=\"text-align: center;\"><a href=\"https:\/\/play.google.com\/store\/apps\/details?id=com.app.gradadigital\" target=\"_blank\"><img decoding=\"async\" class=\"details-image\" draggable=\"false\" src=\"http:\/\/gradadigital.com\/home\/wp-content\/uploads\/2014\/10\/banner_aplicacion_V2_GRADADIGITAL_17102014.jpg\" alt=\"\" \/><\/a><\/p><\/video><\/p>\n<\/div>\n","protected":false},"excerpt":{"rendered":"<p>GradaDigital.com &#8211; El mediocampista venezolano\u00a0Marlon Fern\u00e1ndez anot\u00f3 el domingo, 22 de febrero, en la victoria como local del Deportivo Pasto 2-1 frente al Atl\u00e9tico Nacional de Alejandro Guerra (no fue convocado), partido correspondiente a la Jornada 5 del Torneo Apertura 2015 de la Primera A de Colombia.<\/p>\n","protected":false},"author":3,"featured_media":18731,"comment_status":"closed","ping_status":"closed","sticky":false,"template":"","format":"standard","meta":{"footnotes":""},"categories":[27,752,36,4],"tags":[850,851,95,1050,1048,1145,1144],"class_list":["post-18729","post","type-post","status-publish","format-standard","has-post-thumbnail","hentry","category-video","category-appgd","category-internacional","category-legionarios","tag-alejandro-guerra","tag-atletico-nacional","tag-colombia","tag-deportivo-pasto","tag-marlon-fernandez","tag-primera-a","tag-torneo-apertura-2015"],"_links":{"self":[{"href":"http:\/\/gradadigital.com\/home\/wp-json\/wp\/v2\/posts\/18729","targetHints":{"allow":["GET"]}}],"collection":[{"href":"http:\/\/gradadigital.com\/home\/wp-json\/wp\/v2\/posts"}],"about":[{"href":"http:\/\/gradadigital.com\/home\/wp-json\/wp\/v2\/types\/post"}],"author":[{"embeddable":true,"href":"http:\/\/gradadigital.com\/home\/wp-json\/wp\/v2\/users\/3"}],"replies":[{"embeddable":true,"href":"http:\/\/gradadigital.com\/home\/wp-json\/wp\/v2\/comments?post=18729"}],"version-history":[{"count":6,"href":"http:\/\/gradadigital.com\/home\/wp-json\/wp\/v2\/posts\/18729\/revisions"}],"predecessor-version":[{"id":19528,"href":"http:\/\/gradadigital.com\/home\/wp-json\/wp\/v2\/posts\/18729\/revisions\/19528"}],"wp:featuredmedia":[{"embeddable":true,"href":"http:\/\/gradadigital.com\/home\/wp-json\/wp\/v2\/media\/18731"}],"wp:attachment":[{"href":"http:\/\/gradadigital.com\/home\/wp-json\/wp\/v2\/media?parent=18729"}],"wp:term":[{"taxonomy":"category","embeddable":true,"href":"http:\/\/gradadigital.com\/home\/wp-json\/wp\/v2\/categories?post=18729"},{"taxonomy":"post_tag","embeddable":true,"href":"http:\/\/gradadigital.com\/home\/wp-json\/wp\/v2\/tags?post=18729"}],"curies":[{"name":"wp","href":"https:\/\/api.w.org\/{rel}","templated":true}]}}