{"id":18349,"date":"2015-02-10T12:55:11","date_gmt":"2015-02-10T17:25:11","guid":{"rendered":"http:\/\/gradadigital.com\/home\/?p=18349"},"modified":"2015-02-10T13:06:54","modified_gmt":"2015-02-10T17:36:54","slug":"leandro-vuaden-pitara-la-vuelta-entre-cerro-porteno-y-deportivo-tachira","status":"publish","type":"post","link":"http:\/\/gradadigital.com\/home\/leandro-vuaden-pitara-la-vuelta-entre-cerro-porteno-y-deportivo-tachira\/","title":{"rendered":"Leandro Vuaden pitar\u00e1 la vuelta entre Cerro Porte\u00f1o y Deportivo T\u00e1chira"},"content":{"rendered":"<p style=\"text-align: center;\"><img decoding=\"async\" class=\"details-image\" draggable=\"false\" src=\"http:\/\/gradadigital.com\/home\/wp-content\/uploads\/2015\/02\/leandro_vuaden_cerro_porteno_deportivo_tachira_copa_libertadores_10022015.jpg\" alt=\"\" \/><\/p>\n<p style=\"text-align: center;\"><img loading=\"lazy\" decoding=\"async\" class=\" size-full wp-image-16349 alignnone\" src=\"http:\/\/gradadigital.com\/home\/wp-content\/uploads\/2014\/12\/banner_opcion_comentarios_gd.jpg\" alt=\"banner_opcion_comentarios_gd\" width=\"621\" height=\"41\" srcset=\"http:\/\/gradadigital.com\/home\/wp-content\/uploads\/2014\/12\/banner_opcion_comentarios_gd.jpg 621w, http:\/\/gradadigital.com\/home\/wp-content\/uploads\/2014\/12\/banner_opcion_comentarios_gd-300x19.jpg 300w, http:\/\/gradadigital.com\/home\/wp-content\/uploads\/2014\/12\/banner_opcion_comentarios_gd-620x41.jpg 620w\" sizes=\"auto, (max-width: 621px) 100vw, 621px\" \/><\/p>\n<p style=\"text-align: justify;\"><strong>Prensa CONMEBOL &#8211;<\/strong> La Confederaci\u00f3n Sudamericana de F\u00fatbol design\u00f3 al brasile\u00f1o Leandro Vuaden para arbitrar el partido de vuelta entre Cerro Porte\u00f1o y Deportivo T\u00e1chira, encuentro correspondiente a la primera fase de la Copa Libertadores 2015. Como jueces asistentes estar\u00e1n Emerson de Carvalho y Alessandro Rocha, como cuarto \u00e1rbitro se encontrar\u00e1 el paraguayo Mario D\u00edaz de Vivar.<\/p>\n<p style=\"text-align: justify;\">Leandro Vuaden tiene 15 partidos en Copa Libertadores, desde su debut el 6 de abril de 2011, en la victoria de Caracas FC como visitante de Uni\u00f3n Espa\u00f1ola por 2-1.<\/p>\n<p style=\"text-align: justify;\">Ni por Copa Libertadores ni por Copa Sudamericana dirigi\u00f3 a Cerro Porte\u00f1o ni a Deportivo T\u00e1chira, como as\u00ed tambi\u00e9n ser\u00e1 su primer partido internacional por torneos Conmebol entre un equipo paraguayo y uno venezolano.<\/p>\n<p style=\"text-align: justify;\">Tiene dos encuentros de cuadros paraguayos como locales: Libertad 2 &#8211; Cruz Azul 0 (Libertadores 2012) y Olimpia 0 &#8211; Emelec 1 (Sudamericana 2012) y uno de venezolanos como visitantes: Uni\u00f3n Espa\u00f1ola 1 &#8211; Caracas FC 2 (Libertadores 2011).<\/p>\n<p style=\"text-align: justify;\">El cotejo de revancha entre Cerro Porte\u00f1o y Deportivo T\u00e1chira ser\u00e1 este mi\u00e9rcoles a las 6:00 pm, en el estadio Defensores del Chaco. En el juego de ida, triunf\u00f3 el cuadro venezolano por 2-1.<\/p>\n<p style=\"text-align: center;\"><a href=\"https:\/\/play.google.com\/store\/apps\/details?id=com.app.gradadigital\" target=\"_blank\"><img decoding=\"async\" class=\"decoded\" src=\"http:\/\/gradadigital.com\/home\/wp-content\/uploads\/2014\/10\/banner_aplicacion_V2_GRADADIGITAL_17102014.jpg\" alt=\"http:\/\/gradadigital.com\/home\/wp-content\/uploads\/2014\/10\/banner_aplicacion_V2_GRADADIGITAL_17102014.jpg\" \/><\/a><\/p>\n","protected":false},"excerpt":{"rendered":"<p>Prensa CONMEBOL &#8211; La Confederaci\u00f3n Sudamericana de F\u00fatbol design\u00f3 al brasile\u00f1o Leandro Vuaden para arbitrar el partido de vuelta entre Cerro Porte\u00f1o y Deportivo T\u00e1chira, encuentro correspondiente a la primera fase de la Copa Libertadores 2015. Como jueces asistentes estar\u00e1n Emerson de Carvalho y Alessandro Rocha, como cuarto \u00e1rbitro se encontrar\u00e1 el paraguayo Mario D\u00edaz &#8230;<\/p>\n","protected":false},"author":3,"featured_media":18339,"comment_status":"closed","ping_status":"closed","sticky":false,"template":"","format":"standard","meta":{"footnotes":""},"categories":[752,37,11,36],"tags":[1071,974,226,973,1840,1070,1069],"class_list":["post-18349","post","type-post","status-publish","format-standard","has-post-thumbnail","hentry","category-appgd","category-copa-libertadores","category-deportivo-tachira","category-internacional","tag-alessandro-rocha","tag-cerro-porteno","tag-conmebol","tag-copa-libertadores-2015","tag-deportivo-tachira","tag-emerson-de-carvalho","tag-leandro-vuaden"],"_links":{"self":[{"href":"http:\/\/gradadigital.com\/home\/wp-json\/wp\/v2\/posts\/18349","targetHints":{"allow":["GET"]}}],"collection":[{"href":"http:\/\/gradadigital.com\/home\/wp-json\/wp\/v2\/posts"}],"about":[{"href":"http:\/\/gradadigital.com\/home\/wp-json\/wp\/v2\/types\/post"}],"author":[{"embeddable":true,"href":"http:\/\/gradadigital.com\/home\/wp-json\/wp\/v2\/users\/3"}],"replies":[{"embeddable":true,"href":"http:\/\/gradadigital.com\/home\/wp-json\/wp\/v2\/comments?post=18349"}],"version-history":[{"count":4,"href":"http:\/\/gradadigital.com\/home\/wp-json\/wp\/v2\/posts\/18349\/revisions"}],"predecessor-version":[{"id":18353,"href":"http:\/\/gradadigital.com\/home\/wp-json\/wp\/v2\/posts\/18349\/revisions\/18353"}],"wp:featuredmedia":[{"embeddable":true,"href":"http:\/\/gradadigital.com\/home\/wp-json\/wp\/v2\/media\/18339"}],"wp:attachment":[{"href":"http:\/\/gradadigital.com\/home\/wp-json\/wp\/v2\/media?parent=18349"}],"wp:term":[{"taxonomy":"category","embeddable":true,"href":"http:\/\/gradadigital.com\/home\/wp-json\/wp\/v2\/categories?post=18349"},{"taxonomy":"post_tag","embeddable":true,"href":"http:\/\/gradadigital.com\/home\/wp-json\/wp\/v2\/tags?post=18349"}],"curies":[{"name":"wp","href":"https:\/\/api.w.org\/{rel}","templated":true}]}}