{"id":1833,"date":"2013-06-28T17:34:42","date_gmt":"2013-06-28T22:04:42","guid":{"rendered":"http:\/\/gradadigital.com\/home\/?p=1833"},"modified":"2013-06-29T12:47:22","modified_gmt":"2013-06-29T17:17:22","slug":"ex-tucanes-jorge-ruiz-jugara-con-el-poli-timisoara-de-rumania","status":"publish","type":"post","link":"http:\/\/gradadigital.com\/home\/ex-tucanes-jorge-ruiz-jugara-con-el-poli-timisoara-de-rumania\/","title":{"rendered":"+FOTOS | Ex Tucanes Jorge Ruiz jugar\u00e1 con el Poli Timisoara de Rumania"},"content":{"rendered":"<p style=\"text-align: center;\"><a href=\"http:\/\/gradadigital.com\/home\/wp-content\/uploads\/2013\/06\/jorge_ruiz_poli_timisoara_28062013.jpg\"><img loading=\"lazy\" decoding=\"async\" class=\"alignnone size-full wp-image-1834\" alt=\"jorge_ruiz_poli_timisoara_28062013\" src=\"http:\/\/gradadigital.com\/home\/wp-content\/uploads\/2013\/06\/jorge_ruiz_poli_timisoara_28062013.jpg\" width=\"596\" height=\"346\" srcset=\"http:\/\/gradadigital.com\/home\/wp-content\/uploads\/2013\/06\/jorge_ruiz_poli_timisoara_28062013.jpg 596w, http:\/\/gradadigital.com\/home\/wp-content\/uploads\/2013\/06\/jorge_ruiz_poli_timisoara_28062013-300x174.jpg 300w\" sizes=\"auto, (max-width: 596px) 100vw, 596px\" \/><\/a><\/p>\n<p style=\"text-align: justify;\"><strong>GradaDigital.com &#8211;<\/strong> La Liga I de Rumania (equivalente a la Primera Divisi\u00f3n) contar\u00e1 con un legionario venezolano, y es que en el d\u00eda de hoy (28 de junio) el ACS Poli Timisoara confirm\u00f3 la contrataci\u00f3n de Jorge Luis Ruiz de 24 a\u00f1os.<\/p>\n<p style=\"text-align: justify;\">El venezolano firm\u00f3 por tres temporadas con un club que se refund\u00f3 en el 2012, con la historia y colores del \u00a0FC Politehnica Timi\u0219oara. El delantero viene de disputar la \u00faltima temporada en Venezuela en la Segunda Divisi\u00f3n con Tucanes FC. Tambi\u00e9n tuvo experiencia en El Vig\u00eda FC, Angostura FC, Yaracuyanos FC y CD San Antonio.<\/p>\n<p style=\"text-align: center;\"><a href=\"http:\/\/gradadigital.com\/home\/wp-content\/uploads\/2013\/06\/jorge_ruiz_poli_timisoara_28062013_2.jpg\"><img loading=\"lazy\" decoding=\"async\" class=\"alignnone size-full wp-image-1843\" alt=\"jorge_ruiz_poli_timisoara_28062013_2\" src=\"http:\/\/gradadigital.com\/home\/wp-content\/uploads\/2013\/06\/jorge_ruiz_poli_timisoara_28062013_2.jpg\" width=\"596\" height=\"346\" srcset=\"http:\/\/gradadigital.com\/home\/wp-content\/uploads\/2013\/06\/jorge_ruiz_poli_timisoara_28062013_2.jpg 596w, http:\/\/gradadigital.com\/home\/wp-content\/uploads\/2013\/06\/jorge_ruiz_poli_timisoara_28062013_2-300x174.jpg 300w\" sizes=\"auto, (max-width: 596px) 100vw, 596px\" \/><\/a><\/p>\n<p style=\"text-align: center;\"><a href=\"http:\/\/gradadigital.com\/home\/wp-content\/uploads\/2013\/06\/jorge_ruiz_poli_timisoara_28062013_3.jpg\"><img loading=\"lazy\" decoding=\"async\" class=\"alignnone size-full wp-image-1846\" alt=\"jorge_ruiz_poli_timisoara_28062013_3\" src=\"http:\/\/gradadigital.com\/home\/wp-content\/uploads\/2013\/06\/jorge_ruiz_poli_timisoara_28062013_3.jpg\" width=\"596\" height=\"346\" srcset=\"http:\/\/gradadigital.com\/home\/wp-content\/uploads\/2013\/06\/jorge_ruiz_poli_timisoara_28062013_3.jpg 596w, http:\/\/gradadigital.com\/home\/wp-content\/uploads\/2013\/06\/jorge_ruiz_poli_timisoara_28062013_3-300x174.jpg 300w\" sizes=\"auto, (max-width: 596px) 100vw, 596px\" \/><\/a><\/p>\n","protected":false},"excerpt":{"rendered":"<p>GradaDigital.com &#8211; La Liga I de Rumania (equivalente a la Primera Divisi\u00f3n) contar\u00e1 con un legionario venezolano, y es que en el d\u00eda de hoy (28 de junio) el ACS Poli Timisoara confirm\u00f3 la contrataci\u00f3n de Jorge Luis Ruiz de 24 a\u00f1os. El venezolano firm\u00f3 por tres temporadas con un club que se refund\u00f3 en &#8230;<\/p>\n","protected":false},"author":4,"featured_media":1834,"comment_status":"closed","ping_status":"closed","sticky":false,"template":"","format":"standard","meta":{"footnotes":""},"categories":[43,4,28],"tags":[],"class_list":["post-1833","post","type-post","status-publish","format-standard","has-post-thumbnail","hentry","category-fotos","category-legionarios","category-tucanes-amazonas"],"_links":{"self":[{"href":"http:\/\/gradadigital.com\/home\/wp-json\/wp\/v2\/posts\/1833","targetHints":{"allow":["GET"]}}],"collection":[{"href":"http:\/\/gradadigital.com\/home\/wp-json\/wp\/v2\/posts"}],"about":[{"href":"http:\/\/gradadigital.com\/home\/wp-json\/wp\/v2\/types\/post"}],"author":[{"embeddable":true,"href":"http:\/\/gradadigital.com\/home\/wp-json\/wp\/v2\/users\/4"}],"replies":[{"embeddable":true,"href":"http:\/\/gradadigital.com\/home\/wp-json\/wp\/v2\/comments?post=1833"}],"version-history":[{"count":8,"href":"http:\/\/gradadigital.com\/home\/wp-json\/wp\/v2\/posts\/1833\/revisions"}],"predecessor-version":[{"id":1836,"href":"http:\/\/gradadigital.com\/home\/wp-json\/wp\/v2\/posts\/1833\/revisions\/1836"}],"wp:featuredmedia":[{"embeddable":true,"href":"http:\/\/gradadigital.com\/home\/wp-json\/wp\/v2\/media\/1834"}],"wp:attachment":[{"href":"http:\/\/gradadigital.com\/home\/wp-json\/wp\/v2\/media?parent=1833"}],"wp:term":[{"taxonomy":"category","embeddable":true,"href":"http:\/\/gradadigital.com\/home\/wp-json\/wp\/v2\/categories?post=1833"},{"taxonomy":"post_tag","embeddable":true,"href":"http:\/\/gradadigital.com\/home\/wp-json\/wp\/v2\/tags?post=1833"}],"curies":[{"name":"wp","href":"https:\/\/api.w.org\/{rel}","templated":true}]}}