{"id":18285,"date":"2015-02-09T09:01:21","date_gmt":"2015-02-09T13:31:21","guid":{"rendered":"http:\/\/gradadigital.com\/home\/?p=18285"},"modified":"2015-02-09T09:38:35","modified_gmt":"2015-02-09T14:08:35","slug":"video-romulo-otero-es-baja","status":"publish","type":"post","link":"http:\/\/gradadigital.com\/home\/video-romulo-otero-es-baja\/","title":{"rendered":"+VIDEO | R\u00f3mulo Otero es baja"},"content":{"rendered":"<p style=\"text-align: center;\"><img loading=\"lazy\" decoding=\"async\" class=\"alignnone size-full wp-image-18286\" src=\"http:\/\/gradadigital.com\/home\/wp-content\/uploads\/2015\/02\/romulo_otero_kevy_oropeza_aragua_caracas_08022015.jpg\" alt=\"romulo_otero_kevy_oropeza_aragua_caracas_08022015\" width=\"682\" height=\"396\" srcset=\"http:\/\/gradadigital.com\/home\/wp-content\/uploads\/2015\/02\/romulo_otero_kevy_oropeza_aragua_caracas_08022015.jpg 682w, http:\/\/gradadigital.com\/home\/wp-content\/uploads\/2015\/02\/romulo_otero_kevy_oropeza_aragua_caracas_08022015-300x174.jpg 300w\" sizes=\"auto, (max-width: 682px) 100vw, 682px\" \/><\/p>\n<p style=\"text-align: center;\"><img loading=\"lazy\" decoding=\"async\" class=\"alignnone size-full wp-image-16349\" src=\"http:\/\/gradadigital.com\/home\/wp-content\/uploads\/2014\/12\/banner_opcion_comentarios_gd.jpg\" alt=\"banner_opcion_comentarios_gd\" width=\"621\" height=\"41\" srcset=\"http:\/\/gradadigital.com\/home\/wp-content\/uploads\/2014\/12\/banner_opcion_comentarios_gd.jpg 621w, http:\/\/gradadigital.com\/home\/wp-content\/uploads\/2014\/12\/banner_opcion_comentarios_gd-300x19.jpg 300w, http:\/\/gradadigital.com\/home\/wp-content\/uploads\/2014\/12\/banner_opcion_comentarios_gd-620x41.jpg 620w\" sizes=\"auto, (max-width: 621px) 100vw, 621px\" \/><\/p>\n<p style=\"text-align: justify;\"><strong>GradaDigital.com &#8211;<\/strong> No fue una jornada fruct\u00edfera para R\u00f3mulo Otero, jugador del Caracas FC y que perder\u00e1 la oportunidad de defender la camiseta Vinotinto el pr\u00f3ximo mi\u00e9rcoles ante la selecci\u00f3n de Honduras.<\/p>\n<p style=\"text-align: justify;\">El desequilibrante jugador del \u00abRojo\u00bb, se retir\u00f3 lesionado ante el Aragua FC en su visita a Maracay a los 35 minutos del primer tiempo, al sufrir un esguince de grado 1 en el tobillo derecho y adem\u00e1s una contusi\u00f3n en el empeine. El departamento de prensa del equipo asegur\u00f3 que el d\u00eda lunes se le har\u00e1n m\u00e1s ex\u00e1menes, mientras Otero deber\u00e1 permanecer con la pierna inmovilizada.<\/p>\n<p style=\"text-align: justify;\">Eduardo Sarag\u00f3 manifest\u00f3 tras la culminaci\u00f3n del partido su molestia con el arbitraje de Jos\u00e9 Luis Hoyo, a quien adem\u00e1s consider\u00f3 no proteger a los jugadores de la Vinotinto, en especial a los que conforman al plantel capitalino por las constantes\u00a0faltas que los adversarios tuvieron sobre sus dirigidos.<\/p>\n<blockquote class=\"instagram-media\" style=\"background: #FFF; border: 0; border-radius: 3px; box-shadow: 0 0 1px 0 rgba(0,0,0,0.5),0 1px 10px 0 rgba(0,0,0,0.15); margin: 1px; max-width: 658px; padding: 0; width: calc(100% - 2px);\" data-instgrm-captioned=\"\" data-instgrm-version=\"4\">\n<div style=\"padding: 8px;\">\n<div style=\"background: #F8F8F8; line-height: 0; margin-top: 40px; padding: 50% 0; text-align: center; width: 100%;\"><\/div>\n<p style=\"margin: 8px 0 0 0; padding: 0 4px;\"><a style=\"color: #000; font-family: Arial,sans-serif; font-size: 14px; font-style: normal; font-weight: normal; line-height: 17px; text-decoration: none; word-wrap: break-word;\" href=\"https:\/\/instagram.com\/p\/y3E63ZDDv0\/\" target=\"_top\">Gracias al Aragua FC por el apoyo prestado para con nuestra instituci\u00f3n y en especial con Romulo Otero; jugador del Caracas FC y de La Vinotinto. Sinceramente gracias por la ambulancia y el transporte.<\/a><\/p>\n<p style=\"color: #c9c8cd; font-family: Arial,sans-serif; font-size: 14px; line-height: 17px; margin-bottom: 0; margin-top: 8px; overflow: hidden; padding: 8px 0 7px; text-align: center; text-overflow: ellipsis; white-space: nowrap;\">Un v\u00eddeo publicado por Eduardo Sarag\u00f3 (@eduardosaragodt) el <time style=\"font-family: Arial,sans-serif; font-size: 14px; line-height: 17px;\" datetime=\"2015-02-09T00:37:57+00:00\">8 de Feb de 2015 a la(s) 4:37 PST<\/time><\/p>\n<\/div>\n<\/blockquote>\n<p><script src=\"\/\/platform.instagram.com\/en_US\/embeds.js\" async=\"\" defer=\"defer\"><\/script><\/p>\n<p style=\"text-align: center;\"><a href=\"https:\/\/play.google.com\/store\/apps\/details?id=com.app.gradadigital\" target=\"_blank\"><img loading=\"lazy\" decoding=\"async\" class=\"alignnone size-full wp-image-15415\" src=\"http:\/\/gradadigital.com\/home\/wp-content\/uploads\/2014\/10\/banner_aplicacion_V2_GRADADIGITAL_17102014.jpg\" alt=\"banner_aplicacion_V2_GRADADIGITAL_17102014\" width=\"620\" height=\"100\" srcset=\"http:\/\/gradadigital.com\/home\/wp-content\/uploads\/2014\/10\/banner_aplicacion_V2_GRADADIGITAL_17102014.jpg 620w, http:\/\/gradadigital.com\/home\/wp-content\/uploads\/2014\/10\/banner_aplicacion_V2_GRADADIGITAL_17102014-300x48.jpg 300w\" sizes=\"auto, (max-width: 620px) 100vw, 620px\" \/><\/a><\/p>\n","protected":false},"excerpt":{"rendered":"<p>GradaDigital.com &#8211; No fue una jornada fruct\u00edfera para R\u00f3mulo Otero, jugador del Caracas FC y que perder\u00e1 la oportunidad de defender la camiseta Vinotinto el pr\u00f3ximo mi\u00e9rcoles ante la selecci\u00f3n de Honduras. El desequilibrante jugador del \u00abRojo\u00bb, se retir\u00f3 lesionado ante el Aragua FC en su visita a Maracay a los 35 minutos del primer &#8230;<\/p>\n","protected":false},"author":4,"featured_media":18286,"comment_status":"closed","ping_status":"closed","sticky":false,"template":"","format":"standard","meta":{"footnotes":""},"categories":[27,752,9,5,31,40,3],"tags":[1835,1838,98],"class_list":["post-18285","post","type-post","status-publish","format-standard","has-post-thumbnail","hentry","category-video","category-appgd","category-caracas-fc","category-futbol-nacional","category-primera-division","category-seleccion-nacional-mayores","category-seleccion-nacional","tag-aragua-fc","tag-caracas-fc","tag-romulo-otero"],"_links":{"self":[{"href":"http:\/\/gradadigital.com\/home\/wp-json\/wp\/v2\/posts\/18285","targetHints":{"allow":["GET"]}}],"collection":[{"href":"http:\/\/gradadigital.com\/home\/wp-json\/wp\/v2\/posts"}],"about":[{"href":"http:\/\/gradadigital.com\/home\/wp-json\/wp\/v2\/types\/post"}],"author":[{"embeddable":true,"href":"http:\/\/gradadigital.com\/home\/wp-json\/wp\/v2\/users\/4"}],"replies":[{"embeddable":true,"href":"http:\/\/gradadigital.com\/home\/wp-json\/wp\/v2\/comments?post=18285"}],"version-history":[{"count":6,"href":"http:\/\/gradadigital.com\/home\/wp-json\/wp\/v2\/posts\/18285\/revisions"}],"predecessor-version":[{"id":18297,"href":"http:\/\/gradadigital.com\/home\/wp-json\/wp\/v2\/posts\/18285\/revisions\/18297"}],"wp:featuredmedia":[{"embeddable":true,"href":"http:\/\/gradadigital.com\/home\/wp-json\/wp\/v2\/media\/18286"}],"wp:attachment":[{"href":"http:\/\/gradadigital.com\/home\/wp-json\/wp\/v2\/media?parent=18285"}],"wp:term":[{"taxonomy":"category","embeddable":true,"href":"http:\/\/gradadigital.com\/home\/wp-json\/wp\/v2\/categories?post=18285"},{"taxonomy":"post_tag","embeddable":true,"href":"http:\/\/gradadigital.com\/home\/wp-json\/wp\/v2\/tags?post=18285"}],"curies":[{"name":"wp","href":"https:\/\/api.w.org\/{rel}","templated":true}]}}