{"id":18194,"date":"2015-02-07T14:13:06","date_gmt":"2015-02-07T18:43:06","guid":{"rendered":"http:\/\/gradadigital.com\/home\/?p=18194"},"modified":"2015-02-08T13:53:09","modified_gmt":"2015-02-08T18:23:09","slug":"video-segundo-gol-de-josef-martinez-en-la-serie-a","status":"publish","type":"post","link":"http:\/\/gradadigital.com\/home\/video-segundo-gol-de-josef-martinez-en-la-serie-a\/","title":{"rendered":"+VIDEO\/FOTOS | Josef Mart\u00ednez anota su segundo gol en la Serie A"},"content":{"rendered":"<iframe loading=\"lazy\" width=\"621\" height=\"361\" src=\"http:\/\/www.youtube.com\/embed\/t2WSwCv8wOY?rel=0\" frameborder=\"0\" allowfullscreen><\/iframe>\n<p><img loading=\"lazy\" decoding=\"async\" class=\" size-full wp-image-16349 alignnone\" src=\"http:\/\/gradadigital.com\/home\/wp-content\/uploads\/2014\/12\/banner_opcion_comentarios_gd.jpg\" alt=\"banner_opcion_comentarios_gd\" width=\"621\" height=\"41\" srcset=\"http:\/\/gradadigital.com\/home\/wp-content\/uploads\/2014\/12\/banner_opcion_comentarios_gd.jpg 621w, http:\/\/gradadigital.com\/home\/wp-content\/uploads\/2014\/12\/banner_opcion_comentarios_gd-300x19.jpg 300w, http:\/\/gradadigital.com\/home\/wp-content\/uploads\/2014\/12\/banner_opcion_comentarios_gd-620x41.jpg 620w\" sizes=\"auto, (max-width: 621px) 100vw, 621px\" \/><\/p>\n<p style=\"text-align: justify;\"><strong>Eduardo \u201cCucho\u201d Contreras &#8211;<\/strong> El delantero venezolano Josef Mart\u00ednez anot\u00f3 este s\u00e1bado, 7 de febrero, su segundo gol en la Serie A de Italia en la victoria como visitante del Torino FC 1-3 frente al Hellas Verona, partido v\u00e1lido por la Jornada 22 de la m\u00e1xima categor\u00eda del f\u00fatbol italiano.<\/p>\n<p style=\"text-align: justify;\">El jugador criollo disput\u00f3 la totalidad del encuentro y marc\u00f3 en el minuto 32 el primer tanto del cotejo, tras aprovechar un fallo del defensor mexicano Rafael M\u00e1rquez. En el segundo tiempo, al 49, el vinotinto recibi\u00f3 una falta en el \u00e1rea por parte del brasile\u00f1o Rafael Marques, infracci\u00f3n que el delantero italiano Fabio Quagliarella convirti\u00f3 en gol un minuto m\u00e1s tarde (50) tras cobrar el penal.<\/p>\n<p style=\"text-align: justify;\">El conjunto local, Hellas Verona, descont\u00f3 tarde, en el 83, con un cabezazo del experimentado Luca Toni. Ya en los minutos finales (90+2), Josef Mart\u00ednez inici\u00f3 una contra con un pase al belga-marroqu\u00ed Omar El Kaddouri, quien aprovech\u00f3 para colocar el 1-3 definitivo.<\/p>\n<p style=\"text-align: justify;\">Con este gol, el atacante venezolano de 21 a\u00f1os, quien fue la figura del partido, acumula en la presente temporada 6 goles (2 en Serie A, 1 en Copa Italia y 3 en UEFA Europa League) en 23 partidos jugados (13 en Serie A, 1 en Copa Italia y 9 en UEFA Europa League).<\/p>\n<p style=\"text-align: justify;\">Torino sum\u00f3 su cuarto triunfo consecutivo y se ubica en la s\u00e9ptima posici\u00f3n de la tabla con 31 unidades, a 8 puntos del tercer puesto, ocupado por Napoli, que permite el acceso a la ronda de play-off en la pr\u00f3xima UEFA Champions League.<\/p>\n<p style=\"text-align: center;\"><strong>FOTOS<\/strong><br \/>\n<img decoding=\"async\" class=\"details-image\" draggable=\"false\" src=\"http:\/\/gradadigital.com\/home\/wp-content\/uploads\/2015\/02\/josef_martinez_hellas_verona_torino_07022015_23.jpg\" alt=\"\" \/><\/p>\n<p style=\"text-align: center;\"><img decoding=\"async\" class=\"details-image\" draggable=\"false\" src=\"http:\/\/gradadigital.com\/home\/wp-content\/uploads\/2015\/02\/josef_martinez_hellas_verona_torino_07022015_3.jpg\" alt=\"\" \/><\/p>\n<p style=\"text-align: center;\"><img decoding=\"async\" class=\"details-image\" draggable=\"false\" src=\"http:\/\/gradadigital.com\/home\/wp-content\/uploads\/2015\/02\/josef_martinez_hellas_verona_torino_07022015_12.jpg\" alt=\"\" \/><\/p>\n<p style=\"text-align: center;\"><img decoding=\"async\" class=\"details-image\" draggable=\"false\" src=\"http:\/\/gradadigital.com\/home\/wp-content\/uploads\/2015\/02\/josef_martinez_hellas_verona_torino_07022015_7.jpg\" alt=\"\" \/><\/p>\n<p style=\"text-align: center;\"><img decoding=\"async\" class=\"details-image\" draggable=\"false\" src=\"http:\/\/gradadigital.com\/home\/wp-content\/uploads\/2015\/02\/josef_martinez_hellas_verona_torino_07022015_24.jpg\" alt=\"\" \/><\/p>\n<p style=\"text-align: center;\"><img decoding=\"async\" class=\"details-image\" draggable=\"false\" src=\"http:\/\/gradadigital.com\/home\/wp-content\/uploads\/2015\/02\/josef_martinez_hellas_verona_torino_07022015_11.jpg\" alt=\"\" \/><\/p>\n<p style=\"text-align: center;\"><img decoding=\"async\" class=\"details-image\" draggable=\"false\" src=\"http:\/\/gradadigital.com\/home\/wp-content\/uploads\/2015\/02\/josef_martinez_hellas_verona_torino_07022015_5.jpg\" alt=\"\" \/><\/p>\n<p style=\"text-align: center;\"><img decoding=\"async\" class=\"details-image\" draggable=\"false\" src=\"http:\/\/gradadigital.com\/home\/wp-content\/uploads\/2015\/02\/josef_martinez_hellas_verona_torino_07022015_10.jpg\" alt=\"\" \/><\/p>\n<p style=\"text-align: center;\"><img decoding=\"async\" class=\"details-image\" draggable=\"false\" src=\"http:\/\/gradadigital.com\/home\/wp-content\/uploads\/2015\/02\/josef_martinez_hellas_verona_torino_07022015_21.jpg\" alt=\"\" \/><\/p>\n<p style=\"text-align: center;\"><img decoding=\"async\" class=\"details-image\" draggable=\"false\" src=\"http:\/\/gradadigital.com\/home\/wp-content\/uploads\/2015\/02\/josef_martinez_hellas_verona_torino_07022015_91.jpg\" alt=\"\" \/><\/p>\n<p style=\"text-align: center;\"><img decoding=\"async\" class=\"details-image\" draggable=\"false\" src=\"http:\/\/gradadigital.com\/home\/wp-content\/uploads\/2015\/02\/josef_martinez_hellas_verona_torino_07022015_6.jpg\" alt=\"\" \/><\/p>\n<p style=\"text-align: center;\"><img decoding=\"async\" class=\"details-image\" draggable=\"false\" src=\"http:\/\/gradadigital.com\/home\/wp-content\/uploads\/2015\/02\/josef_martinez_hellas_verona_torino_07022015_4.jpg\" alt=\"\" \/><\/p>\n<p style=\"text-align: center;\"><img decoding=\"async\" class=\"details-image\" draggable=\"false\" src=\"http:\/\/gradadigital.com\/home\/wp-content\/uploads\/2015\/02\/josef_martinez_hellas_verona_torino_07022015_22.jpg\" alt=\"\" \/><\/p>\n<p style=\"text-align: center;\"><img decoding=\"async\" class=\"details-image\" draggable=\"false\" src=\"http:\/\/gradadigital.com\/home\/wp-content\/uploads\/2015\/02\/josef_martinez_hellas_verona_torino_07022015_8.jpg\" alt=\"\" \/><\/p>\n<p style=\"text-align: center;\"><img decoding=\"async\" class=\"details-image\" draggable=\"false\" src=\"http:\/\/gradadigital.com\/home\/wp-content\/uploads\/2015\/02\/josef_martinez_hellas_verona_torino_07022015_2.jpg\" alt=\"\" \/><\/p>\n<p style=\"text-align: center;\"><img decoding=\"async\" class=\"details-image\" draggable=\"false\" src=\"http:\/\/gradadigital.com\/home\/wp-content\/uploads\/2015\/02\/josef_martinez_hellas_verona_torino_07022015_1.jpg\" alt=\"\" \/><\/p>\n<p style=\"text-align: center;\"><img decoding=\"async\" class=\"details-image\" draggable=\"false\" src=\"http:\/\/gradadigital.com\/home\/wp-content\/uploads\/2015\/02\/josef_martinez_hellas_verona_torino_07022015_13.jpg\" alt=\"\" \/><\/p>\n<p style=\"text-align: center;\"><a href=\"https:\/\/play.google.com\/store\/apps\/details?id=com.app.gradadigital\" target=\"_blank\"><img decoding=\"async\" class=\"decoded\" src=\"http:\/\/gradadigital.com\/home\/wp-content\/uploads\/2014\/10\/banner_aplicacion_V2_GRADADIGITAL_17102014.jpg\" alt=\"http:\/\/gradadigital.com\/home\/wp-content\/uploads\/2014\/10\/banner_aplicacion_V2_GRADADIGITAL_17102014.jpg\" \/><\/a><\/p>\n","protected":false},"excerpt":{"rendered":"<p>Eduardo \u201cCucho\u201d Contreras &#8211; El delantero venezolano Josef Mart\u00ednez anot\u00f3 este s\u00e1bado, 7 de febrero, su segundo gol en la Serie A de Italia en la victoria como visitante del Torino FC 1-3 frente al Hellas Verona, partido v\u00e1lido por la Jornada 22 de la m\u00e1xima categor\u00eda del f\u00fatbol italiano. El jugador criollo disput\u00f3 la &#8230;<\/p>\n","protected":false},"author":3,"featured_media":18206,"comment_status":"closed","ping_status":"closed","sticky":false,"template":"","format":"standard","meta":{"footnotes":""},"categories":[43,27,752,36,4],"tags":[1057,304,576,869,741],"class_list":["post-18194","post","type-post","status-publish","format-standard","has-post-thumbnail","hentry","category-fotos","category-video","category-appgd","category-internacional","category-legionarios","tag-hellas-verona","tag-italia","tag-josef-martinez","tag-serie-a","tag-torino-fc"],"_links":{"self":[{"href":"http:\/\/gradadigital.com\/home\/wp-json\/wp\/v2\/posts\/18194","targetHints":{"allow":["GET"]}}],"collection":[{"href":"http:\/\/gradadigital.com\/home\/wp-json\/wp\/v2\/posts"}],"about":[{"href":"http:\/\/gradadigital.com\/home\/wp-json\/wp\/v2\/types\/post"}],"author":[{"embeddable":true,"href":"http:\/\/gradadigital.com\/home\/wp-json\/wp\/v2\/users\/3"}],"replies":[{"embeddable":true,"href":"http:\/\/gradadigital.com\/home\/wp-json\/wp\/v2\/comments?post=18194"}],"version-history":[{"count":7,"href":"http:\/\/gradadigital.com\/home\/wp-json\/wp\/v2\/posts\/18194\/revisions"}],"predecessor-version":[{"id":18233,"href":"http:\/\/gradadigital.com\/home\/wp-json\/wp\/v2\/posts\/18194\/revisions\/18233"}],"wp:featuredmedia":[{"embeddable":true,"href":"http:\/\/gradadigital.com\/home\/wp-json\/wp\/v2\/media\/18206"}],"wp:attachment":[{"href":"http:\/\/gradadigital.com\/home\/wp-json\/wp\/v2\/media?parent=18194"}],"wp:term":[{"taxonomy":"category","embeddable":true,"href":"http:\/\/gradadigital.com\/home\/wp-json\/wp\/v2\/categories?post=18194"},{"taxonomy":"post_tag","embeddable":true,"href":"http:\/\/gradadigital.com\/home\/wp-json\/wp\/v2\/tags?post=18194"}],"curies":[{"name":"wp","href":"https:\/\/api.w.org\/{rel}","templated":true}]}}