{"id":18163,"date":"2015-02-06T17:22:46","date_gmt":"2015-02-06T21:52:46","guid":{"rendered":"http:\/\/gradadigital.com\/home\/?p=18163"},"modified":"2015-02-06T17:22:46","modified_gmt":"2015-02-06T21:52:46","slug":"wilker-angel-este-equipo-es-grande-por-su-hinchada","status":"publish","type":"post","link":"http:\/\/gradadigital.com\/home\/wilker-angel-este-equipo-es-grande-por-su-hinchada\/","title":{"rendered":"Wilker \u00c1ngel: \u00abEste equipo es grande por su hinchada\u00bb"},"content":{"rendered":"<p style=\"text-align: center;\"><img loading=\"lazy\" decoding=\"async\" class=\"alignnone size-full wp-image-18129\" src=\"http:\/\/gradadigital.com\/home\/wp-content\/uploads\/2015\/02\/wilker_angel_tachira_cerro_04022015.jpg\" alt=\"wilker_angel_tachira_cerro_04022015\" width=\"682\" height=\"396\" srcset=\"http:\/\/gradadigital.com\/home\/wp-content\/uploads\/2015\/02\/wilker_angel_tachira_cerro_04022015.jpg 682w, http:\/\/gradadigital.com\/home\/wp-content\/uploads\/2015\/02\/wilker_angel_tachira_cerro_04022015-300x174.jpg 300w\" sizes=\"auto, (max-width: 682px) 100vw, 682px\" \/><\/p>\n<p style=\"text-align: center;\">\n<p style=\"text-align: center;\"><img loading=\"lazy\" decoding=\"async\" class=\"alignnone size-full wp-image-16349\" src=\"http:\/\/gradadigital.com\/home\/wp-content\/uploads\/2014\/12\/banner_opcion_comentarios_gd.jpg\" alt=\"banner_opcion_comentarios_gd\" width=\"621\" height=\"41\" srcset=\"http:\/\/gradadigital.com\/home\/wp-content\/uploads\/2014\/12\/banner_opcion_comentarios_gd.jpg 621w, http:\/\/gradadigital.com\/home\/wp-content\/uploads\/2014\/12\/banner_opcion_comentarios_gd-300x19.jpg 300w, http:\/\/gradadigital.com\/home\/wp-content\/uploads\/2014\/12\/banner_opcion_comentarios_gd-620x41.jpg 620w\" sizes=\"auto, (max-width: 621px) 100vw, 621px\" \/><\/p>\n<p style=\"text-align: justify;\"><strong>Luiyi Joan Vivas \/ Prensa Deportivo T\u00e1chira &#8211;<\/strong>\u00a0Luego de haber aprobado el primer reto de la Copa Bridgestone Libertadores 2015, el Deportivo T\u00e1chira F.C. viaja a Paraguay con la misi\u00f3n de sellar la clasificaci\u00f3n a la Fase de Grupos. Para Wilker \u00c1ngel retornar a Asunci\u00f3n le genera un sabor especial, pues dicha ciudad le trae el recuerdo de su debut a nivel internacional.<\/p>\n<p style=\"text-align: justify;\"><strong>\u201cNosotros iremos con mucho orden, sabiendo que tenemos una ventaja pero no hemos ganado nada. Uno nunca puede estar conforme, hay que aspirar m\u00e1s y corregir algunas cosas para la vuelta\u201d<\/strong>, menciona el \u201c4\u201d Atigrado, quien se estren\u00f3 en Copa Birdgestone Libertadores precisamente ante Cerro Porte\u00f1o, el 10 de marzo de 2011.<\/p>\n<p style=\"text-align: justify;\">Aquella vez, el Carrusel Aurinegro igual\u00f3 a uno ante el Cicl\u00f3n de Barrio Obrero, un resultado que en esta nueva ocasi\u00f3n podr\u00eda ser suficiente para conseguir el boleto a la instancia de los 32 mejores de Sudam\u00e9rica<strong>. \u201cEs un rival complicado, un equipo grande pero nosotros tambi\u00e9n lo somos, ten\u00edamos que sacar la casta en casa y lo hicimos, tenemos los pies sobre la tierra y sabemos que no es f\u00e1cil\u201d<\/strong>, menciona el zaguero de 21 a\u00f1os.<\/p>\n<p style=\"text-align: justify;\">Luego del triunfo como local en la ida por marcador de 2-1, Wilker visualiza un duelo completamente diferente en la vuelta; en la cual habr\u00e1 que sacar provecho de la necesidad local y sobre todo mantener una solidez defensiva, entendiendo que son los paraguayos los que tienen obligaci\u00f3n de salir a buscar.<\/p>\n<p style=\"text-align: justify;\"><strong>\u201cEllos se van a volcar al ataque queriendo conseguir el gol desde el primer minuto, hay que tener mucho \u00edmpetu, vamos \u00fanicamente con la intenci\u00f3n de pasar\u201d<\/strong>, se\u00f1ala el defensor trujillano, con la experiencia que le da sus tres participaciones por Copa Bridgestone Libertadores (2011, 2012, 2015) y una Copa Sudamericana (2012); vistiendo la casaca atigrada.<\/p>\n<p style=\"text-align: justify;\">Wilker \u00c1ngel resalta su agradecimiento a la afici\u00f3n m\u00e1s numerosa del pa\u00eds, la cual brind\u00f3 un gran ambiente en el inicial cotejo, efectuado en el Estadio Polideportivo de Pueblo Nuevo y ante la que siente una responsabilidad enorme por brindarle una clasificaci\u00f3n que adem\u00e1s ser\u00eda hist\u00f3rica por ser el primer conjunto venezolano que logre superar la Primera Fase.<\/p>\n<p style=\"text-align: justify;\"><strong>\u201cEl empuje del p\u00fablico fue incre\u00edble, este equipo es grande por su hinchada, por su gente, que cada d\u00eda te env\u00eda mensajes de apoyo, estamos agradecidos con toda esa fanaticada\u201d<\/strong>, cierra el espigado defensa a servicio del batall\u00f3n comandado por Daniel Far\u00edas.<\/p>\n<p style=\"text-align: justify;\">El partido de vuelta entre el Deportivo T\u00e1chira F.C. y Cerro Porte\u00f1o de Paraguay se cumplir\u00e1 este mi\u00e9rcoles 11 de febrero desde las 5 de la tarde (hora de Venezuela), en el Estadio Defensores del Chaco en Asunci\u00f3n.<\/p>\n<p style=\"text-align: center;\"><a href=\"https:\/\/play.google.com\/store\/apps\/details?id=com.app.gradadigital\" target=\"_blank\"><img loading=\"lazy\" decoding=\"async\" class=\"alignnone size-full wp-image-15415\" src=\"http:\/\/gradadigital.com\/home\/wp-content\/uploads\/2014\/10\/banner_aplicacion_V2_GRADADIGITAL_17102014.jpg\" alt=\"banner_aplicacion_V2_GRADADIGITAL_17102014\" width=\"620\" height=\"100\" srcset=\"http:\/\/gradadigital.com\/home\/wp-content\/uploads\/2014\/10\/banner_aplicacion_V2_GRADADIGITAL_17102014.jpg 620w, http:\/\/gradadigital.com\/home\/wp-content\/uploads\/2014\/10\/banner_aplicacion_V2_GRADADIGITAL_17102014-300x48.jpg 300w\" sizes=\"auto, (max-width: 620px) 100vw, 620px\" \/><\/a><\/p>\n","protected":false},"excerpt":{"rendered":"<p>Luiyi Joan Vivas \/ Prensa Deportivo T\u00e1chira &#8211;\u00a0Luego de haber aprobado el primer reto de la Copa Bridgestone Libertadores 2015, el Deportivo T\u00e1chira F.C. viaja a Paraguay con la misi\u00f3n de sellar la clasificaci\u00f3n a la Fase de Grupos. Para Wilker \u00c1ngel retornar a Asunci\u00f3n le genera un sabor especial, pues dicha ciudad le trae &#8230;<\/p>\n","protected":false},"author":4,"featured_media":18129,"comment_status":"closed","ping_status":"closed","sticky":false,"template":"","format":"standard","meta":{"footnotes":""},"categories":[752,37,11,36],"tags":[],"class_list":["post-18163","post","type-post","status-publish","format-standard","has-post-thumbnail","hentry","category-appgd","category-copa-libertadores","category-deportivo-tachira","category-internacional"],"_links":{"self":[{"href":"http:\/\/gradadigital.com\/home\/wp-json\/wp\/v2\/posts\/18163","targetHints":{"allow":["GET"]}}],"collection":[{"href":"http:\/\/gradadigital.com\/home\/wp-json\/wp\/v2\/posts"}],"about":[{"href":"http:\/\/gradadigital.com\/home\/wp-json\/wp\/v2\/types\/post"}],"author":[{"embeddable":true,"href":"http:\/\/gradadigital.com\/home\/wp-json\/wp\/v2\/users\/4"}],"replies":[{"embeddable":true,"href":"http:\/\/gradadigital.com\/home\/wp-json\/wp\/v2\/comments?post=18163"}],"version-history":[{"count":1,"href":"http:\/\/gradadigital.com\/home\/wp-json\/wp\/v2\/posts\/18163\/revisions"}],"predecessor-version":[{"id":18164,"href":"http:\/\/gradadigital.com\/home\/wp-json\/wp\/v2\/posts\/18163\/revisions\/18164"}],"wp:featuredmedia":[{"embeddable":true,"href":"http:\/\/gradadigital.com\/home\/wp-json\/wp\/v2\/media\/18129"}],"wp:attachment":[{"href":"http:\/\/gradadigital.com\/home\/wp-json\/wp\/v2\/media?parent=18163"}],"wp:term":[{"taxonomy":"category","embeddable":true,"href":"http:\/\/gradadigital.com\/home\/wp-json\/wp\/v2\/categories?post=18163"},{"taxonomy":"post_tag","embeddable":true,"href":"http:\/\/gradadigital.com\/home\/wp-json\/wp\/v2\/tags?post=18163"}],"curies":[{"name":"wp","href":"https:\/\/api.w.org\/{rel}","templated":true}]}}