{"id":18152,"date":"2015-02-06T14:38:57","date_gmt":"2015-02-06T19:08:57","guid":{"rendered":"http:\/\/gradadigital.com\/home\/?p=18152"},"modified":"2015-02-06T14:38:57","modified_gmt":"2015-02-06T19:08:57","slug":"estos-son-los-juegos-de-la-quinta-jornada-que-se-veran-por-tv","status":"publish","type":"post","link":"http:\/\/gradadigital.com\/home\/estos-son-los-juegos-de-la-quinta-jornada-que-se-veran-por-tv\/","title":{"rendered":"Estos son los juegos de la quinta jornada que se ver\u00e1n por TV"},"content":{"rendered":"<p style=\"text-align: center;\"><img loading=\"lazy\" decoding=\"async\" class=\"alignnone size-full wp-image-18105\" src=\"http:\/\/gradadigital.com\/home\/wp-content\/uploads\/2015\/02\/television_tv_caracas_mineros_luis_vallenilla_01022015.jpg\" alt=\"television_tv_caracas_mineros_luis_vallenilla_01022015\" width=\"682\" height=\"396\" srcset=\"http:\/\/gradadigital.com\/home\/wp-content\/uploads\/2015\/02\/television_tv_caracas_mineros_luis_vallenilla_01022015.jpg 682w, http:\/\/gradadigital.com\/home\/wp-content\/uploads\/2015\/02\/television_tv_caracas_mineros_luis_vallenilla_01022015-300x174.jpg 300w\" sizes=\"auto, (max-width: 682px) 100vw, 682px\" \/><\/p>\n<p style=\"text-align: center;\"><img loading=\"lazy\" decoding=\"async\" class=\"alignnone size-full wp-image-16349\" src=\"http:\/\/gradadigital.com\/home\/wp-content\/uploads\/2014\/12\/banner_opcion_comentarios_gd.jpg\" alt=\"banner_opcion_comentarios_gd\" width=\"621\" height=\"41\" srcset=\"http:\/\/gradadigital.com\/home\/wp-content\/uploads\/2014\/12\/banner_opcion_comentarios_gd.jpg 621w, http:\/\/gradadigital.com\/home\/wp-content\/uploads\/2014\/12\/banner_opcion_comentarios_gd-300x19.jpg 300w, http:\/\/gradadigital.com\/home\/wp-content\/uploads\/2014\/12\/banner_opcion_comentarios_gd-620x41.jpg 620w\" sizes=\"auto, (max-width: 621px) 100vw, 621px\" \/><\/p>\n<p style=\"text-align: justify;\"><strong>GradaDigital.com &#8211;<\/strong> Este fin de semana inicia la quinta jornada del f\u00fatbol venezolano, y hasta los momentos, estos son los encuentros que se presentar\u00e1n en se\u00f1al abierta y regional:<\/p>\n<p><strong>Metropolitanos FC &#8211; Deportivo La Guaira<\/strong><br \/>\nTVES | 07\/02\/2015 a las 7:00 pm<\/p>\n<p><strong>Aragua FC &#8211; Caracas FC<\/strong><br \/>\nDIRECTV Sports \/ TVES \/ TeleAragua | 08\/02\/2015 a las 5:00 pm<\/p>\n<p><strong>Llaneros de Guanare &#8211; Deportivo Anzo\u00e1tegui<\/strong><br \/>\nTelevisora Regional de Portuguesa | 08\/02\/2015 a las 3:00 pm<\/p>\n<p style=\"text-align: center;\"><a href=\"https:\/\/play.google.com\/store\/apps\/details?id=com.app.gradadigital\" target=\"_blank\"><img loading=\"lazy\" decoding=\"async\" class=\"alignnone size-full wp-image-15415\" src=\"http:\/\/gradadigital.com\/home\/wp-content\/uploads\/2014\/10\/banner_aplicacion_V2_GRADADIGITAL_17102014.jpg\" alt=\"banner_aplicacion_V2_GRADADIGITAL_17102014\" width=\"620\" height=\"100\" srcset=\"http:\/\/gradadigital.com\/home\/wp-content\/uploads\/2014\/10\/banner_aplicacion_V2_GRADADIGITAL_17102014.jpg 620w, http:\/\/gradadigital.com\/home\/wp-content\/uploads\/2014\/10\/banner_aplicacion_V2_GRADADIGITAL_17102014-300x48.jpg 300w\" sizes=\"auto, (max-width: 620px) 100vw, 620px\" \/><\/a><\/p>\n","protected":false},"excerpt":{"rendered":"<p>GradaDigital.com &#8211; Este fin de semana inicia la quinta jornada del f\u00fatbol venezolano, y hasta los momentos, estos son los encuentros que se presentar\u00e1n en se\u00f1al abierta y regional: Metropolitanos FC &#8211; Deportivo La Guaira TVES | 07\/02\/2015 a las 7:00 pm Aragua FC &#8211; Caracas FC DIRECTV Sports \/ TVES \/ TeleAragua | 08\/02\/2015 &#8230;<\/p>\n","protected":false},"author":4,"featured_media":18105,"comment_status":"closed","ping_status":"closed","sticky":false,"template":"","format":"standard","meta":{"footnotes":""},"categories":[752,6,9,10,18,5,14,746,31],"tags":[],"class_list":["post-18152","post","type-post","status-publish","format-standard","has-post-thumbnail","hentry","category-appgd","category-aragua-fc","category-caracas-fc","category-deportivo-anzoategui","category-real-esppor","category-futbol-nacional","category-llaneros-fc","category-metropolitanos-fc","category-primera-division"],"_links":{"self":[{"href":"http:\/\/gradadigital.com\/home\/wp-json\/wp\/v2\/posts\/18152","targetHints":{"allow":["GET"]}}],"collection":[{"href":"http:\/\/gradadigital.com\/home\/wp-json\/wp\/v2\/posts"}],"about":[{"href":"http:\/\/gradadigital.com\/home\/wp-json\/wp\/v2\/types\/post"}],"author":[{"embeddable":true,"href":"http:\/\/gradadigital.com\/home\/wp-json\/wp\/v2\/users\/4"}],"replies":[{"embeddable":true,"href":"http:\/\/gradadigital.com\/home\/wp-json\/wp\/v2\/comments?post=18152"}],"version-history":[{"count":1,"href":"http:\/\/gradadigital.com\/home\/wp-json\/wp\/v2\/posts\/18152\/revisions"}],"predecessor-version":[{"id":18153,"href":"http:\/\/gradadigital.com\/home\/wp-json\/wp\/v2\/posts\/18152\/revisions\/18153"}],"wp:featuredmedia":[{"embeddable":true,"href":"http:\/\/gradadigital.com\/home\/wp-json\/wp\/v2\/media\/18105"}],"wp:attachment":[{"href":"http:\/\/gradadigital.com\/home\/wp-json\/wp\/v2\/media?parent=18152"}],"wp:term":[{"taxonomy":"category","embeddable":true,"href":"http:\/\/gradadigital.com\/home\/wp-json\/wp\/v2\/categories?post=18152"},{"taxonomy":"post_tag","embeddable":true,"href":"http:\/\/gradadigital.com\/home\/wp-json\/wp\/v2\/tags?post=18152"}],"curies":[{"name":"wp","href":"https:\/\/api.w.org\/{rel}","templated":true}]}}