{"id":18104,"date":"2015-02-05T16:30:46","date_gmt":"2015-02-05T21:00:46","guid":{"rendered":"http:\/\/gradadigital.com\/home\/?p=18104"},"modified":"2015-02-05T16:30:46","modified_gmt":"2015-02-05T21:00:46","slug":"reprogramaciones-y-encuentro-de-tv-para-la-quinta-jornada","status":"publish","type":"post","link":"http:\/\/gradadigital.com\/home\/reprogramaciones-y-encuentro-de-tv-para-la-quinta-jornada\/","title":{"rendered":"Reprogramaciones y encuentro de TV para la quinta jornada"},"content":{"rendered":"<p style=\"text-align: center;\"><img loading=\"lazy\" decoding=\"async\" class=\"alignnone size-full wp-image-18105\" src=\"http:\/\/gradadigital.com\/home\/wp-content\/uploads\/2015\/02\/television_tv_caracas_mineros_luis_vallenilla_01022015.jpg\" alt=\"television_tv_caracas_mineros_luis_vallenilla_01022015\" width=\"682\" height=\"396\" srcset=\"http:\/\/gradadigital.com\/home\/wp-content\/uploads\/2015\/02\/television_tv_caracas_mineros_luis_vallenilla_01022015.jpg 682w, http:\/\/gradadigital.com\/home\/wp-content\/uploads\/2015\/02\/television_tv_caracas_mineros_luis_vallenilla_01022015-300x174.jpg 300w\" sizes=\"auto, (max-width: 682px) 100vw, 682px\" \/><\/p>\n<p style=\"text-align: center;\"><img loading=\"lazy\" decoding=\"async\" class=\"alignnone size-full wp-image-16349\" src=\"http:\/\/gradadigital.com\/home\/wp-content\/uploads\/2014\/12\/banner_opcion_comentarios_gd.jpg\" alt=\"banner_opcion_comentarios_gd\" width=\"621\" height=\"41\" srcset=\"http:\/\/gradadigital.com\/home\/wp-content\/uploads\/2014\/12\/banner_opcion_comentarios_gd.jpg 621w, http:\/\/gradadigital.com\/home\/wp-content\/uploads\/2014\/12\/banner_opcion_comentarios_gd-300x19.jpg 300w, http:\/\/gradadigital.com\/home\/wp-content\/uploads\/2014\/12\/banner_opcion_comentarios_gd-620x41.jpg 620w\" sizes=\"auto, (max-width: 621px) 100vw, 621px\" \/><\/p>\n<p style=\"text-align: justify;\"><strong>PRENSA FVF \/ CARACAS.-\u00a0<\/strong>La Comisi\u00f3n de Torneos Nacionales anunci\u00f3 las reprogramaciones y dem\u00e1s novedades para la celebraci\u00f3n de la quinta jornada del Torneo Clausura de la Primera Divisi\u00f3n de la liga Movistar.<\/p>\n<p style=\"text-align: justify;\">Gerardo Rivero, Coordinador de la CTN indic\u00f3 lo siguiente:<\/p>\n<ul>\n<li style=\"text-align: justify;\">Deportivo Petare vs Estudiantes de M\u00e9rida fue suspendido por la CTN por la situaci\u00f3n que atraviesa el Club meride\u00f1o luego de sufrir un accidente de tr\u00e1nsito el pasado fin de semana.<\/li>\n<li style=\"text-align: justify;\">Metropolitanos FC vs Deportivo La Guaira se jugar\u00e1 el s\u00e1bado 7 de febrero a las 7:30 PM en el estadio Br\u00edgido Iriarte.<\/li>\n<li style=\"text-align: justify;\">Portuguesa FC vs Tucanes FC se celebrar\u00e1 el domingo 8 de febrero a las 3:00 PM en el estadio Jos\u00e9 Antonio P\u00e1ez.<\/li>\n<li style=\"text-align: justify;\">Llaneros FC vs deportivo Anzo\u00e1tegui se disputar\u00e1 el domingo 8 de febrero a las 3:00 PM en el estadio Rafael Calles Pinto.<\/li>\n<li style=\"text-align: justify;\">Aragua FC vs Caracas FC se jugar\u00e1 el domingo 8 de febrero a las 5:00 Pm en el estadio Hermanos Ghersi de Maracay y contar\u00e1 con la transmisi\u00f3n televisiva de DIRECTV.<\/li>\n<\/ul>\n<p style=\"text-align: center;\"><a href=\"https:\/\/play.google.com\/store\/apps\/details?id=com.app.gradadigital\" target=\"_blank\"><img loading=\"lazy\" decoding=\"async\" class=\"alignnone size-full wp-image-15415\" src=\"http:\/\/gradadigital.com\/home\/wp-content\/uploads\/2014\/10\/banner_aplicacion_V2_GRADADIGITAL_17102014.jpg\" alt=\"banner_aplicacion_V2_GRADADIGITAL_17102014\" width=\"620\" height=\"100\" srcset=\"http:\/\/gradadigital.com\/home\/wp-content\/uploads\/2014\/10\/banner_aplicacion_V2_GRADADIGITAL_17102014.jpg 620w, http:\/\/gradadigital.com\/home\/wp-content\/uploads\/2014\/10\/banner_aplicacion_V2_GRADADIGITAL_17102014-300x48.jpg 300w\" sizes=\"auto, (max-width: 620px) 100vw, 620px\" \/><\/a><\/p>\n","protected":false},"excerpt":{"rendered":"<p>PRENSA FVF \/ CARACAS.-\u00a0La Comisi\u00f3n de Torneos Nacionales anunci\u00f3 las reprogramaciones y dem\u00e1s novedades para la celebraci\u00f3n de la quinta jornada del Torneo Clausura de la Primera Divisi\u00f3n de la liga Movistar. Gerardo Rivero, Coordinador de la CTN indic\u00f3 lo siguiente: Deportivo Petare vs Estudiantes de M\u00e9rida fue suspendido por la CTN por la situaci\u00f3n &#8230;<\/p>\n","protected":false},"author":4,"featured_media":18105,"comment_status":"closed","ping_status":"closed","sticky":false,"template":"","format":"standard","meta":{"footnotes":""},"categories":[752,6,9,5,31],"tags":[],"class_list":["post-18104","post","type-post","status-publish","format-standard","has-post-thumbnail","hentry","category-appgd","category-aragua-fc","category-caracas-fc","category-futbol-nacional","category-primera-division"],"_links":{"self":[{"href":"http:\/\/gradadigital.com\/home\/wp-json\/wp\/v2\/posts\/18104","targetHints":{"allow":["GET"]}}],"collection":[{"href":"http:\/\/gradadigital.com\/home\/wp-json\/wp\/v2\/posts"}],"about":[{"href":"http:\/\/gradadigital.com\/home\/wp-json\/wp\/v2\/types\/post"}],"author":[{"embeddable":true,"href":"http:\/\/gradadigital.com\/home\/wp-json\/wp\/v2\/users\/4"}],"replies":[{"embeddable":true,"href":"http:\/\/gradadigital.com\/home\/wp-json\/wp\/v2\/comments?post=18104"}],"version-history":[{"count":1,"href":"http:\/\/gradadigital.com\/home\/wp-json\/wp\/v2\/posts\/18104\/revisions"}],"predecessor-version":[{"id":18107,"href":"http:\/\/gradadigital.com\/home\/wp-json\/wp\/v2\/posts\/18104\/revisions\/18107"}],"wp:featuredmedia":[{"embeddable":true,"href":"http:\/\/gradadigital.com\/home\/wp-json\/wp\/v2\/media\/18105"}],"wp:attachment":[{"href":"http:\/\/gradadigital.com\/home\/wp-json\/wp\/v2\/media?parent=18104"}],"wp:term":[{"taxonomy":"category","embeddable":true,"href":"http:\/\/gradadigital.com\/home\/wp-json\/wp\/v2\/categories?post=18104"},{"taxonomy":"post_tag","embeddable":true,"href":"http:\/\/gradadigital.com\/home\/wp-json\/wp\/v2\/tags?post=18104"}],"curies":[{"name":"wp","href":"https:\/\/api.w.org\/{rel}","templated":true}]}}