{"id":18057,"date":"2015-02-04T15:19:39","date_gmt":"2015-02-04T19:49:39","guid":{"rendered":"http:\/\/gradadigital.com\/home\/?p=18057"},"modified":"2015-02-04T15:19:39","modified_gmt":"2015-02-04T19:49:39","slug":"vuelve-la-norma-del-juvenil","status":"publish","type":"post","link":"http:\/\/gradadigital.com\/home\/vuelve-la-norma-del-juvenil\/","title":{"rendered":"Vuelve la norma del Juvenil"},"content":{"rendered":"<p style=\"text-align: center;\"><img loading=\"lazy\" decoding=\"async\" class=\"alignnone size-full wp-image-14728\" src=\"http:\/\/gradadigital.com\/home\/wp-content\/uploads\/2014\/08\/john_murillo_metropolitanos_zamora_30082014.jpg\" alt=\"john_murillo_metropolitanos_zamora_30082014\" width=\"682\" height=\"396\" srcset=\"http:\/\/gradadigital.com\/home\/wp-content\/uploads\/2014\/08\/john_murillo_metropolitanos_zamora_30082014.jpg 682w, http:\/\/gradadigital.com\/home\/wp-content\/uploads\/2014\/08\/john_murillo_metropolitanos_zamora_30082014-300x174.jpg 300w\" sizes=\"auto, (max-width: 682px) 100vw, 682px\" \/><\/p>\n<p style=\"text-align: center;\"><img loading=\"lazy\" decoding=\"async\" class=\"alignnone size-full wp-image-16349\" src=\"http:\/\/gradadigital.com\/home\/wp-content\/uploads\/2014\/12\/banner_opcion_comentarios_gd.jpg\" alt=\"banner_opcion_comentarios_gd\" width=\"621\" height=\"41\" srcset=\"http:\/\/gradadigital.com\/home\/wp-content\/uploads\/2014\/12\/banner_opcion_comentarios_gd.jpg 621w, http:\/\/gradadigital.com\/home\/wp-content\/uploads\/2014\/12\/banner_opcion_comentarios_gd-300x19.jpg 300w, http:\/\/gradadigital.com\/home\/wp-content\/uploads\/2014\/12\/banner_opcion_comentarios_gd-620x41.jpg 620w\" sizes=\"auto, (max-width: 621px) 100vw, 621px\" \/><\/p>\n<p style=\"text-align: justify;\"><strong>PRENSA FVF \/ CARACAS.-\u00a0<\/strong>La Comisi\u00f3n de Torneos Nacionales de la Federaci\u00f3n Venezolana de F\u00fatbol, anunci\u00f3 que a apartir de este fin de semana, en el que se jugar\u00e1 la quinta jornada del Torneo Clausura de la Primera Divisi\u00f3n vuelve la obligatoriedad del jugador norma en todas las categor\u00edas de la Liga Movistar.<\/p>\n<p style=\"text-align: justify;\">Recordemos que la norma del jugador juvenil estaba suspendida por la participaci\u00f3n de la selecci\u00f3n Nacional Sub 20 en el Sudamericano de la categor\u00eda que se celebr\u00f3 en Uruguay el pasado mes de enero.<\/p>\n<p style=\"text-align: justify;\">En vista de que los jugadores juveniles ya se reincorporaron a sus equipos la CTN decidi\u00f3 reactivar la participaci\u00f3n obligatoria de los juveniles en las distintas categor\u00edas del f\u00fatbol profesional venezolano.<\/p>\n<p style=\"text-align: center;\"><a href=\"https:\/\/play.google.com\/store\/apps\/details?id=com.app.gradadigital\" target=\"_blank\"><img loading=\"lazy\" decoding=\"async\" class=\"alignnone size-full wp-image-15415\" src=\"http:\/\/gradadigital.com\/home\/wp-content\/uploads\/2014\/10\/banner_aplicacion_V2_GRADADIGITAL_17102014.jpg\" alt=\"banner_aplicacion_V2_GRADADIGITAL_17102014\" width=\"620\" height=\"100\" srcset=\"http:\/\/gradadigital.com\/home\/wp-content\/uploads\/2014\/10\/banner_aplicacion_V2_GRADADIGITAL_17102014.jpg 620w, http:\/\/gradadigital.com\/home\/wp-content\/uploads\/2014\/10\/banner_aplicacion_V2_GRADADIGITAL_17102014-300x48.jpg 300w\" sizes=\"auto, (max-width: 620px) 100vw, 620px\" \/><\/a><\/p>\n","protected":false},"excerpt":{"rendered":"<p>PRENSA FVF \/ CARACAS.-\u00a0La Comisi\u00f3n de Torneos Nacionales de la Federaci\u00f3n Venezolana de F\u00fatbol, anunci\u00f3 que a apartir de este fin de semana, en el que se jugar\u00e1 la quinta jornada del Torneo Clausura de la Primera Divisi\u00f3n vuelve la obligatoriedad del jugador norma en todas las categor\u00edas de la Liga Movistar. Recordemos que la &#8230;<\/p>\n","protected":false},"author":4,"featured_media":14728,"comment_status":"closed","ping_status":"closed","sticky":false,"template":"","format":"standard","meta":{"footnotes":""},"categories":[752,5,31],"tags":[],"class_list":["post-18057","post","type-post","status-publish","format-standard","has-post-thumbnail","hentry","category-appgd","category-futbol-nacional","category-primera-division"],"_links":{"self":[{"href":"http:\/\/gradadigital.com\/home\/wp-json\/wp\/v2\/posts\/18057","targetHints":{"allow":["GET"]}}],"collection":[{"href":"http:\/\/gradadigital.com\/home\/wp-json\/wp\/v2\/posts"}],"about":[{"href":"http:\/\/gradadigital.com\/home\/wp-json\/wp\/v2\/types\/post"}],"author":[{"embeddable":true,"href":"http:\/\/gradadigital.com\/home\/wp-json\/wp\/v2\/users\/4"}],"replies":[{"embeddable":true,"href":"http:\/\/gradadigital.com\/home\/wp-json\/wp\/v2\/comments?post=18057"}],"version-history":[{"count":1,"href":"http:\/\/gradadigital.com\/home\/wp-json\/wp\/v2\/posts\/18057\/revisions"}],"predecessor-version":[{"id":18058,"href":"http:\/\/gradadigital.com\/home\/wp-json\/wp\/v2\/posts\/18057\/revisions\/18058"}],"wp:featuredmedia":[{"embeddable":true,"href":"http:\/\/gradadigital.com\/home\/wp-json\/wp\/v2\/media\/14728"}],"wp:attachment":[{"href":"http:\/\/gradadigital.com\/home\/wp-json\/wp\/v2\/media?parent=18057"}],"wp:term":[{"taxonomy":"category","embeddable":true,"href":"http:\/\/gradadigital.com\/home\/wp-json\/wp\/v2\/categories?post=18057"},{"taxonomy":"post_tag","embeddable":true,"href":"http:\/\/gradadigital.com\/home\/wp-json\/wp\/v2\/tags?post=18057"}],"curies":[{"name":"wp","href":"https:\/\/api.w.org\/{rel}","templated":true}]}}