{"id":18039,"date":"2015-02-04T02:43:26","date_gmt":"2015-02-04T07:13:26","guid":{"rendered":"http:\/\/gradadigital.com\/home\/?p=18039"},"modified":"2015-02-04T02:43:26","modified_gmt":"2015-02-04T07:13:26","slug":"gerzon-chacon-motivado-por-volver-a-jugar-una-nueva-copa-libertadores","status":"publish","type":"post","link":"http:\/\/gradadigital.com\/home\/gerzon-chacon-motivado-por-volver-a-jugar-una-nueva-copa-libertadores\/","title":{"rendered":"Gerzon Chac\u00f3n: \u00abMotivado por volver a jugar una nueva Copa Libertadores\u00bb"},"content":{"rendered":"<p style=\"text-align: center;\"><img loading=\"lazy\" decoding=\"async\" class=\"alignnone size-full wp-image-16768\" src=\"http:\/\/gradadigital.com\/home\/wp-content\/uploads\/2015\/01\/gerzon_chacon_tachira_11012015.jpg\" alt=\"gerzon_chacon_tachira_11012015\" width=\"682\" height=\"396\" srcset=\"http:\/\/gradadigital.com\/home\/wp-content\/uploads\/2015\/01\/gerzon_chacon_tachira_11012015.jpg 682w, http:\/\/gradadigital.com\/home\/wp-content\/uploads\/2015\/01\/gerzon_chacon_tachira_11012015-300x174.jpg 300w\" sizes=\"auto, (max-width: 682px) 100vw, 682px\" \/><\/p>\n<p style=\"text-align: center;\"><img loading=\"lazy\" decoding=\"async\" class=\"alignnone size-full wp-image-16349\" src=\"http:\/\/gradadigital.com\/home\/wp-content\/uploads\/2014\/12\/banner_opcion_comentarios_gd.jpg\" alt=\"banner_opcion_comentarios_gd\" width=\"621\" height=\"41\" srcset=\"http:\/\/gradadigital.com\/home\/wp-content\/uploads\/2014\/12\/banner_opcion_comentarios_gd.jpg 621w, http:\/\/gradadigital.com\/home\/wp-content\/uploads\/2014\/12\/banner_opcion_comentarios_gd-300x19.jpg 300w, http:\/\/gradadigital.com\/home\/wp-content\/uploads\/2014\/12\/banner_opcion_comentarios_gd-620x41.jpg 620w\" sizes=\"auto, (max-width: 621px) 100vw, 621px\" \/><\/p>\n<p style=\"text-align: justify;\"><strong>Luiyi Joan Vivas \/ Prensa Deportivo T\u00e1chira &#8211;\u00a0<\/strong>La gloria continental le vuelve a tocar las puertas al Deportivo T\u00e1chira F.C. y a Gerzon Chac\u00f3n, el hist\u00f3rico lateral derecho afrontar\u00e1 su octava Copa Bridgestone Libertadores de Am\u00e9rica con el Carrusel Aurinegro, teniendo el reto en esta ocasi\u00f3n de superar la Primera Fase enfrentando a Cerro Porte\u00f1o de Paraguay.<\/p>\n<p style=\"text-align: justify;\"><strong>\u201cContento y motivado por volver a jugar una nueva Copa Libertadores con este club, sabiendo que se tiene una responsabilidad bastante grande en una fase donde ning\u00fan equipo venezolano ha podido avanzar\u201d<\/strong>, relata de entrada el caudillo atigrado.<\/p>\n<p style=\"text-align: justify;\">Disputar esta instancia le trae inmediatamente a Chac\u00f3n el recuerdo de la edici\u00f3n 2010, en la cual se enfrent\u00f3 a Libertad tambi\u00e9n paraguayo y no se tuvo la dicha de trascender al culminar con global de 2-3. <strong>\u201cCuando jugamos ante Libertad estuvimos muy cerca, lamentablemente en los \u00faltimos minutos se nos fue all\u00e1 en Paraguay\u201d<\/strong>, recuerda con una sensaci\u00f3n enorme de cobrar revancha.<\/p>\n<p style=\"text-align: justify;\">El oriundo del Barrio El Carmen de San Crist\u00f3bal, con el aval que le da haber militado en Sportivo Luque\u00f1o del balompi\u00e9 guaran\u00ed, analiza las cualidades del rival, sin dudas uno de los m\u00e1s importantes de ese pa\u00eds. <strong>\u201cEllos van bien por arriba, tratan de jugar por alto; esperamos contrarrestar eso desde el punto de vista ofensivo, aprovechando las virtudes que tenemos\u201d<\/strong>, destaca.<\/p>\n<p style=\"text-align: justify;\">En medio de un r\u00e9gimen de preparaci\u00f3n exigente dispuesto por el cuerpo t\u00e9cnico del siete veces campe\u00f3n de Venezuela, Gerzon sabe que en este tipo de partidos todos los detalles son importantes.<strong>\u201cHemos trabajado cosas como la alimentaci\u00f3n y el tema del horario del partido que para nosotros no es normal, tambi\u00e9n hemos visto v\u00eddeos de ellos\u201d<\/strong>, comenta.<\/p>\n<p style=\"text-align: justify;\"><strong>\u201cLas victorias siempre te dan motivaci\u00f3n, no se comenz\u00f3 de la mejor manera el torneo pero ahora tenemos la alegr\u00eda de venir de tres triunfos consecutivos, eso te llena de confianza\u201d<\/strong>, a\u00f1ade el due\u00f1o de la banda diestra del club m\u00e1s popular del pa\u00eds, a prop\u00f3sito de las recientes victorias dentro del Torneo Clausura 2015.<\/p>\n<p style=\"text-align: justify;\">Siendo el jugador que m\u00e1s veces ha portado la rayada en amarillo y negro en la historia del club, Gerzon Chac\u00f3n siente una obligaci\u00f3n de cara a este campeonato internacional. <strong>\u201cPara m\u00ed T\u00e1chira representa mucho, no s\u00f3lo ahora como jugador sino desde ni\u00f1o, para la gente es especial la Copa Libertadores y para m\u00ed es una responsabilidad que tengo con la instituci\u00f3n\u201d<\/strong>, concluye el defensor de 34 a\u00f1os.<\/p>\n<p style=\"text-align: justify;\">La serie entre Deportivo T\u00e1chira F.C. y Cerro Porte\u00f1o iniciar\u00e1 este mi\u00e9rcoles 04 de febrero desde las 9:45 de la noche en el Estadio Polideportivo de Pueblo Nuevo de San Crist\u00f3bal, y cerrar\u00e1 el 11 de febrero en el Estadio Defensores del Chaco de Asunci\u00f3n.<\/p>\n<p style=\"text-align: center;\"><a href=\"https:\/\/play.google.com\/store\/apps\/details?id=com.app.gradadigital\" target=\"_blank\"><img loading=\"lazy\" decoding=\"async\" class=\"alignnone size-full wp-image-15415\" src=\"http:\/\/gradadigital.com\/home\/wp-content\/uploads\/2014\/10\/banner_aplicacion_V2_GRADADIGITAL_17102014.jpg\" alt=\"banner_aplicacion_V2_GRADADIGITAL_17102014\" width=\"620\" height=\"100\" srcset=\"http:\/\/gradadigital.com\/home\/wp-content\/uploads\/2014\/10\/banner_aplicacion_V2_GRADADIGITAL_17102014.jpg 620w, http:\/\/gradadigital.com\/home\/wp-content\/uploads\/2014\/10\/banner_aplicacion_V2_GRADADIGITAL_17102014-300x48.jpg 300w\" sizes=\"auto, (max-width: 620px) 100vw, 620px\" \/><\/a><\/p>\n","protected":false},"excerpt":{"rendered":"<p>Luiyi Joan Vivas \/ Prensa Deportivo T\u00e1chira &#8211;\u00a0La gloria continental le vuelve a tocar las puertas al Deportivo T\u00e1chira F.C. y a Gerzon Chac\u00f3n, el hist\u00f3rico lateral derecho afrontar\u00e1 su octava Copa Bridgestone Libertadores de Am\u00e9rica con el Carrusel Aurinegro, teniendo el reto en esta ocasi\u00f3n de superar la Primera Fase enfrentando a Cerro Porte\u00f1o &#8230;<\/p>\n","protected":false},"author":4,"featured_media":16768,"comment_status":"closed","ping_status":"closed","sticky":false,"template":"","format":"standard","meta":{"footnotes":""},"categories":[752,37,11,36],"tags":[],"class_list":["post-18039","post","type-post","status-publish","format-standard","has-post-thumbnail","hentry","category-appgd","category-copa-libertadores","category-deportivo-tachira","category-internacional"],"_links":{"self":[{"href":"http:\/\/gradadigital.com\/home\/wp-json\/wp\/v2\/posts\/18039","targetHints":{"allow":["GET"]}}],"collection":[{"href":"http:\/\/gradadigital.com\/home\/wp-json\/wp\/v2\/posts"}],"about":[{"href":"http:\/\/gradadigital.com\/home\/wp-json\/wp\/v2\/types\/post"}],"author":[{"embeddable":true,"href":"http:\/\/gradadigital.com\/home\/wp-json\/wp\/v2\/users\/4"}],"replies":[{"embeddable":true,"href":"http:\/\/gradadigital.com\/home\/wp-json\/wp\/v2\/comments?post=18039"}],"version-history":[{"count":1,"href":"http:\/\/gradadigital.com\/home\/wp-json\/wp\/v2\/posts\/18039\/revisions"}],"predecessor-version":[{"id":18040,"href":"http:\/\/gradadigital.com\/home\/wp-json\/wp\/v2\/posts\/18039\/revisions\/18040"}],"wp:featuredmedia":[{"embeddable":true,"href":"http:\/\/gradadigital.com\/home\/wp-json\/wp\/v2\/media\/16768"}],"wp:attachment":[{"href":"http:\/\/gradadigital.com\/home\/wp-json\/wp\/v2\/media?parent=18039"}],"wp:term":[{"taxonomy":"category","embeddable":true,"href":"http:\/\/gradadigital.com\/home\/wp-json\/wp\/v2\/categories?post=18039"},{"taxonomy":"post_tag","embeddable":true,"href":"http:\/\/gradadigital.com\/home\/wp-json\/wp\/v2\/tags?post=18039"}],"curies":[{"name":"wp","href":"https:\/\/api.w.org\/{rel}","templated":true}]}}