{"id":17962,"date":"2015-02-03T00:22:05","date_gmt":"2015-02-03T04:52:05","guid":{"rendered":"http:\/\/gradadigital.com\/home\/?p=17962"},"modified":"2015-02-03T09:37:13","modified_gmt":"2015-02-03T14:07:13","slug":"mineros-confirma-reprogramacion-de-encuentros","status":"publish","type":"post","link":"http:\/\/gradadigital.com\/home\/mineros-confirma-reprogramacion-de-encuentros\/","title":{"rendered":"Mineros confirma reprogramaci\u00f3n de encuentros"},"content":{"rendered":"<p style=\"text-align: center;\"><img loading=\"lazy\" decoding=\"async\" class=\"alignnone size-full wp-image-7111\" src=\"http:\/\/gradadigital.com\/home\/wp-content\/uploads\/2013\/12\/mineros_cdlara_especial_aficionados_15122013_4.jpg\" alt=\"mineros_cdlara_especial_aficionados_15122013_4\" width=\"682\" height=\"396\" srcset=\"http:\/\/gradadigital.com\/home\/wp-content\/uploads\/2013\/12\/mineros_cdlara_especial_aficionados_15122013_4.jpg 682w, http:\/\/gradadigital.com\/home\/wp-content\/uploads\/2013\/12\/mineros_cdlara_especial_aficionados_15122013_4-300x174.jpg 300w\" sizes=\"auto, (max-width: 682px) 100vw, 682px\" \/><\/p>\n<p style=\"text-align: center;\"><img loading=\"lazy\" decoding=\"async\" class=\"alignnone size-full wp-image-16349\" src=\"http:\/\/gradadigital.com\/home\/wp-content\/uploads\/2014\/12\/banner_opcion_comentarios_gd.jpg\" alt=\"banner_opcion_comentarios_gd\" width=\"621\" height=\"41\" srcset=\"http:\/\/gradadigital.com\/home\/wp-content\/uploads\/2014\/12\/banner_opcion_comentarios_gd.jpg 621w, http:\/\/gradadigital.com\/home\/wp-content\/uploads\/2014\/12\/banner_opcion_comentarios_gd-300x19.jpg 300w, http:\/\/gradadigital.com\/home\/wp-content\/uploads\/2014\/12\/banner_opcion_comentarios_gd-620x41.jpg 620w\" sizes=\"auto, (max-width: 621px) 100vw, 621px\" \/><\/p>\n<p style=\"text-align: justify;\"><strong>Prensa Mineros de Guayana &#8211;<\/strong>\u00a0Un nuevo cambio de fecha fue confirmado por la Comisi\u00f3n de Torneos Nacionales de la Federaci\u00f3n Venezolana de F\u00fatbol, para el calendario de Mineros de Guayana. A trav\u00e9s de una comunicaci\u00f3n, la tarde de este lunes, fue oficializado el adelanto de la jornada ocho para los negriazules, que enfrentar\u00e1n a Estudiantes de M\u00e9rida.<\/p>\n<p style=\"text-align: justify;\">Inicialmente, el choque estaba pautado para el domingo, 1 de marzo, pero los compromisos de Copa Libertadores de los mineristas obligaron a realizar la solicitud para el cambio de fecha. Ahora, el encuentro se disputar\u00e1 el mi\u00e9rcoles, 18 de febrero, a las 7:00 pm, en el estadio Metropolitano, de la ciudad de M\u00e9rida.<\/p>\n<p style=\"text-align: justify;\">Mineros, la semana pasada, tambi\u00e9n inform\u00f3 del adelanto de la jornada siete ante Deportivo Lara, que se jugar\u00e1 el domingo, 15 de febrero, a las 4:00 pm, en el CTE Cachamay. El primer reto de los guayaneses en la Copa Libertadores ser\u00e1 el martes, 24 de febrero, y el estreno en casa el martes, 3 de marzo.<\/p>\n<p style=\"text-align: center;\"><a href=\"https:\/\/play.google.com\/store\/apps\/details?id=com.app.gradadigital\" target=\"_blank\"><img loading=\"lazy\" decoding=\"async\" class=\"alignnone size-full wp-image-15415\" src=\"http:\/\/gradadigital.com\/home\/wp-content\/uploads\/2014\/10\/banner_aplicacion_V2_GRADADIGITAL_17102014.jpg\" alt=\"banner_aplicacion_V2_GRADADIGITAL_17102014\" width=\"620\" height=\"100\" srcset=\"http:\/\/gradadigital.com\/home\/wp-content\/uploads\/2014\/10\/banner_aplicacion_V2_GRADADIGITAL_17102014.jpg 620w, http:\/\/gradadigital.com\/home\/wp-content\/uploads\/2014\/10\/banner_aplicacion_V2_GRADADIGITAL_17102014-300x48.jpg 300w\" sizes=\"auto, (max-width: 620px) 100vw, 620px\" \/><\/a><\/p>\n","protected":false},"excerpt":{"rendered":"<p>Prensa Mineros de Guayana &#8211;\u00a0Un nuevo cambio de fecha fue confirmado por la Comisi\u00f3n de Torneos Nacionales de la Federaci\u00f3n Venezolana de F\u00fatbol, para el calendario de Mineros de Guayana. A trav\u00e9s de una comunicaci\u00f3n, la tarde de este lunes, fue oficializado el adelanto de la jornada ocho para los negriazules, que enfrentar\u00e1n a Estudiantes &#8230;<\/p>\n","protected":false},"author":4,"featured_media":7111,"comment_status":"closed","ping_status":"closed","sticky":false,"template":"","format":"standard","meta":{"footnotes":""},"categories":[752,5,15,31],"tags":[1854,62,1842,135,1843],"class_list":["post-17962","post","type-post","status-publish","format-standard","has-post-thumbnail","hentry","category-appgd","category-futbol-nacional","category-mineros-de-guayana","category-primera-division","tag-copa-libertadores","tag-deportivo-lara","tag-estudiantes-de-merida","tag-fvf","tag-mineros-de-guayana"],"_links":{"self":[{"href":"http:\/\/gradadigital.com\/home\/wp-json\/wp\/v2\/posts\/17962","targetHints":{"allow":["GET"]}}],"collection":[{"href":"http:\/\/gradadigital.com\/home\/wp-json\/wp\/v2\/posts"}],"about":[{"href":"http:\/\/gradadigital.com\/home\/wp-json\/wp\/v2\/types\/post"}],"author":[{"embeddable":true,"href":"http:\/\/gradadigital.com\/home\/wp-json\/wp\/v2\/users\/4"}],"replies":[{"embeddable":true,"href":"http:\/\/gradadigital.com\/home\/wp-json\/wp\/v2\/comments?post=17962"}],"version-history":[{"count":3,"href":"http:\/\/gradadigital.com\/home\/wp-json\/wp\/v2\/posts\/17962\/revisions"}],"predecessor-version":[{"id":17992,"href":"http:\/\/gradadigital.com\/home\/wp-json\/wp\/v2\/posts\/17962\/revisions\/17992"}],"wp:featuredmedia":[{"embeddable":true,"href":"http:\/\/gradadigital.com\/home\/wp-json\/wp\/v2\/media\/7111"}],"wp:attachment":[{"href":"http:\/\/gradadigital.com\/home\/wp-json\/wp\/v2\/media?parent=17962"}],"wp:term":[{"taxonomy":"category","embeddable":true,"href":"http:\/\/gradadigital.com\/home\/wp-json\/wp\/v2\/categories?post=17962"},{"taxonomy":"post_tag","embeddable":true,"href":"http:\/\/gradadigital.com\/home\/wp-json\/wp\/v2\/tags?post=17962"}],"curies":[{"name":"wp","href":"https:\/\/api.w.org\/{rel}","templated":true}]}}