{"id":17900,"date":"2015-02-02T11:51:38","date_gmt":"2015-02-02T16:21:38","guid":{"rendered":"http:\/\/gradadigital.com\/home\/?p=17900"},"modified":"2015-02-02T11:51:38","modified_gmt":"2015-02-02T16:21:38","slug":"caracas-lidera-asistencia-en-primera-division","status":"publish","type":"post","link":"http:\/\/gradadigital.com\/home\/caracas-lidera-asistencia-en-primera-division\/","title":{"rendered":"Caracas lidera asistencia en Primera Divisi\u00f3n"},"content":{"rendered":"<p style=\"text-align: center;\"><img loading=\"lazy\" decoding=\"async\" class=\"alignnone size-full wp-image-14703\" src=\"http:\/\/gradadigital.com\/home\/wp-content\/uploads\/2014\/08\/aficion_caracas_intigas_28082014_2.jpg\" alt=\"aficion_caracas_intigas_28082014_2\" width=\"682\" height=\"396\" srcset=\"http:\/\/gradadigital.com\/home\/wp-content\/uploads\/2014\/08\/aficion_caracas_intigas_28082014_2.jpg 682w, http:\/\/gradadigital.com\/home\/wp-content\/uploads\/2014\/08\/aficion_caracas_intigas_28082014_2-300x174.jpg 300w\" sizes=\"auto, (max-width: 682px) 100vw, 682px\" \/><\/p>\n<p style=\"text-align: center;\"><img loading=\"lazy\" decoding=\"async\" class=\"alignnone size-full wp-image-16349\" src=\"http:\/\/gradadigital.com\/home\/wp-content\/uploads\/2014\/12\/banner_opcion_comentarios_gd.jpg\" alt=\"banner_opcion_comentarios_gd\" width=\"621\" height=\"41\" srcset=\"http:\/\/gradadigital.com\/home\/wp-content\/uploads\/2014\/12\/banner_opcion_comentarios_gd.jpg 621w, http:\/\/gradadigital.com\/home\/wp-content\/uploads\/2014\/12\/banner_opcion_comentarios_gd-300x19.jpg 300w, http:\/\/gradadigital.com\/home\/wp-content\/uploads\/2014\/12\/banner_opcion_comentarios_gd-620x41.jpg 620w\" sizes=\"auto, (max-width: 621px) 100vw, 621px\" \/><\/p>\n<p style=\"text-align: justify;\"><strong>Prensa CFC.-<\/strong>\u00a0Con el ag\u00f3nico empate conseguido este domingo ante Mineros de Guayana, el Caracas F\u00fatbol Club no solo logr\u00f3 escalar hasta la cima de la tabla acumulada de la temporada 2014-2015, sino que, adem\u00e1s, ahora es el l\u00edder en asistencia total de la primera divisi\u00f3n, con 72.007 espectadores.<\/p>\n<p style=\"text-align: justify;\">El duelo entre rojos y negriazules cont\u00f3 con la presencia de 7.711 personas en el Estadio Ol\u00edmpico de la UCV, donde el cuadro dirigido por Eduardo Sarag\u00f3 sum\u00f3 28 de los \u00faltimos 30 puntos (93 %) que disput\u00f3 en condici\u00f3n de local.<\/p>\n<p style=\"text-align: justify;\">Pese a que culmin\u00f3 en nueve la racha de triunfos como local en primera divisi\u00f3n, el conjunto avile\u00f1o no cae en su feudo desde el 10 de agosto de 2014; y de sus \u00faltimos 26 partidos en casa, el elenco de la Cota 905 solo perdi\u00f3 en una ocasi\u00f3n.<\/p>\n<p style=\"text-align: justify;\">Caracas se despedir\u00e1 del recinto universitario por las pr\u00f3ximas dos semanas, ya que ahora tendr\u00e1 que afrontar un par de giras por Aragua y Zulia, correspondientes a la quinta y sexta fecha del Clausura, respectivamente. Los capitalinos acumulan cuatro duelos consecutivos sin derrotas como visitante y esperan seguir mejorando sus n\u00fameros para mantenerse en la pelea por el t\u00edtulo.<\/p>\n<p style=\"text-align: center;\"><a href=\"https:\/\/play.google.com\/store\/apps\/details?id=com.app.gradadigital\" target=\"_blank\"><img loading=\"lazy\" decoding=\"async\" class=\"alignnone size-full wp-image-15415\" src=\"http:\/\/gradadigital.com\/home\/wp-content\/uploads\/2014\/10\/banner_aplicacion_V2_GRADADIGITAL_17102014.jpg\" alt=\"banner_aplicacion_V2_GRADADIGITAL_17102014\" width=\"620\" height=\"100\" srcset=\"http:\/\/gradadigital.com\/home\/wp-content\/uploads\/2014\/10\/banner_aplicacion_V2_GRADADIGITAL_17102014.jpg 620w, http:\/\/gradadigital.com\/home\/wp-content\/uploads\/2014\/10\/banner_aplicacion_V2_GRADADIGITAL_17102014-300x48.jpg 300w\" sizes=\"auto, (max-width: 620px) 100vw, 620px\" \/><\/a><\/p>\n","protected":false},"excerpt":{"rendered":"<p>Prensa CFC.-\u00a0Con el ag\u00f3nico empate conseguido este domingo ante Mineros de Guayana, el Caracas F\u00fatbol Club no solo logr\u00f3 escalar hasta la cima de la tabla acumulada de la temporada 2014-2015, sino que, adem\u00e1s, ahora es el l\u00edder en asistencia total de la primera divisi\u00f3n, con 72.007 espectadores. El duelo entre rojos y negriazules cont\u00f3 &#8230;<\/p>\n","protected":false},"author":4,"featured_media":14703,"comment_status":"closed","ping_status":"closed","sticky":false,"template":"","format":"standard","meta":{"footnotes":""},"categories":[752,9,5,31],"tags":[],"class_list":["post-17900","post","type-post","status-publish","format-standard","has-post-thumbnail","hentry","category-appgd","category-caracas-fc","category-futbol-nacional","category-primera-division"],"_links":{"self":[{"href":"http:\/\/gradadigital.com\/home\/wp-json\/wp\/v2\/posts\/17900","targetHints":{"allow":["GET"]}}],"collection":[{"href":"http:\/\/gradadigital.com\/home\/wp-json\/wp\/v2\/posts"}],"about":[{"href":"http:\/\/gradadigital.com\/home\/wp-json\/wp\/v2\/types\/post"}],"author":[{"embeddable":true,"href":"http:\/\/gradadigital.com\/home\/wp-json\/wp\/v2\/users\/4"}],"replies":[{"embeddable":true,"href":"http:\/\/gradadigital.com\/home\/wp-json\/wp\/v2\/comments?post=17900"}],"version-history":[{"count":1,"href":"http:\/\/gradadigital.com\/home\/wp-json\/wp\/v2\/posts\/17900\/revisions"}],"predecessor-version":[{"id":17901,"href":"http:\/\/gradadigital.com\/home\/wp-json\/wp\/v2\/posts\/17900\/revisions\/17901"}],"wp:featuredmedia":[{"embeddable":true,"href":"http:\/\/gradadigital.com\/home\/wp-json\/wp\/v2\/media\/14703"}],"wp:attachment":[{"href":"http:\/\/gradadigital.com\/home\/wp-json\/wp\/v2\/media?parent=17900"}],"wp:term":[{"taxonomy":"category","embeddable":true,"href":"http:\/\/gradadigital.com\/home\/wp-json\/wp\/v2\/categories?post=17900"},{"taxonomy":"post_tag","embeddable":true,"href":"http:\/\/gradadigital.com\/home\/wp-json\/wp\/v2\/tags?post=17900"}],"curies":[{"name":"wp","href":"https:\/\/api.w.org\/{rel}","templated":true}]}}