{"id":17892,"date":"2015-02-02T11:33:51","date_gmt":"2015-02-02T16:03:51","guid":{"rendered":"http:\/\/gradadigital.com\/home\/?p=17892"},"modified":"2015-02-02T11:33:51","modified_gmt":"2015-02-02T16:03:51","slug":"sarago-el-equipo-esta-muy-comprometido-lucha-cada-pelota","status":"publish","type":"post","link":"http:\/\/gradadigital.com\/home\/sarago-el-equipo-esta-muy-comprometido-lucha-cada-pelota\/","title":{"rendered":"Sarag\u00f3: \u00abEl equipo est\u00e1 muy comprometido, lucha cada pelota\u00bb"},"content":{"rendered":"<p style=\"text-align: center;\"><img loading=\"lazy\" decoding=\"async\" class=\"alignnone size-full wp-image-17893\" src=\"http:\/\/gradadigital.com\/home\/wp-content\/uploads\/2015\/02\/eduardo_sarago_caracas_mineros_01022015.jpg\" alt=\"eduardo_sarago_caracas_mineros_01022015\" width=\"682\" height=\"396\" srcset=\"http:\/\/gradadigital.com\/home\/wp-content\/uploads\/2015\/02\/eduardo_sarago_caracas_mineros_01022015.jpg 682w, http:\/\/gradadigital.com\/home\/wp-content\/uploads\/2015\/02\/eduardo_sarago_caracas_mineros_01022015-300x174.jpg 300w\" sizes=\"auto, (max-width: 682px) 100vw, 682px\" \/><\/p>\n<p style=\"text-align: center;\"><img loading=\"lazy\" decoding=\"async\" class=\"alignnone size-full wp-image-16349\" src=\"http:\/\/gradadigital.com\/home\/wp-content\/uploads\/2014\/12\/banner_opcion_comentarios_gd.jpg\" alt=\"banner_opcion_comentarios_gd\" width=\"621\" height=\"41\" srcset=\"http:\/\/gradadigital.com\/home\/wp-content\/uploads\/2014\/12\/banner_opcion_comentarios_gd.jpg 621w, http:\/\/gradadigital.com\/home\/wp-content\/uploads\/2014\/12\/banner_opcion_comentarios_gd-300x19.jpg 300w, http:\/\/gradadigital.com\/home\/wp-content\/uploads\/2014\/12\/banner_opcion_comentarios_gd-620x41.jpg 620w\" sizes=\"auto, (max-width: 621px) 100vw, 621px\" \/><\/p>\n<p style=\"text-align: justify;\"><strong>PRENSA CFC.-\u00a0<\/strong>Caracas F\u00fatbol Club consigui\u00f3 este domingo un ag\u00f3nico empate frente a Mineros de Guayana en un partido de alta intensidad. Ambas escuadras, con presentes distintos, se jugaban mucho en la cancha del Estadio Ol\u00edmpico de la UCV, y el espect\u00e1culo estuvo a la altura de las circunstancias.<\/p>\n<p style=\"text-align: justify;\">Por una parte, los rojos del \u00c1vila quer\u00edan estirar su racha de partidos ganados en casa y as\u00ed mantener el liderato del Torneo Clausura, por otra, el combinado visitante buscaba salir de un inicio tambaleante donde solo sumaban tres puntos de nueve posibles.<\/p>\n<p style=\"text-align: justify;\">El combinado avile\u00f1o sufri\u00f3 un golpe muy temprano en el cotejo, pero con entrega y sacrificio pudo alcanzar, en la \u00faltima pelota del partido, el tan ansiado gol que los mantiene invictos en el certamen y cerca de la cima.<\/p>\n<p style=\"text-align: justify;\"><strong>\u201cEstoy contento por el desempe\u00f1o del equipo en general. Nos enfrentamos a un club muy fuerte, que tiene una calidad de jugadores incre\u00edble, pero a pesar de eso pudimos hacer un buen partido\u201d<\/strong>, declar\u00f3 el director t\u00e9cnico Eduardo Sarag\u00f3 luego de que el principal Alexis Herrera sentenciara el final del juego.<\/p>\n<p style=\"text-align: justify;\"><strong>\u201cSufrimos un gol muy temprano que nos desestabiliz\u00f3 un poco. Hab\u00edamos arrancado bien y en un contragolpe nos hacen el tanto, ese era un punto fuerte de ellos\u201d<\/strong>, prosigui\u00f3 el estratega, quien resalt\u00f3 la labor de sus dirigidos porque nunca se entregaron en los noventa minutos. <strong>\u201cLos pudimos contener durante todo el juego, tambi\u00e9n pudimos seguir atacando y al final creo que lo empatamos de manera justa por lo que hab\u00eda sido el tr\u00e1mite del compromiso\u201d<\/strong>.<\/p>\n<p style=\"text-align: justify;\">Faltando 10 minutos para el final, Miguel Mea Vitali fue expulsado por Herrera tras cometer una infracci\u00f3n para evitar otro contragolpe peligroso de Mineros. Pese a eso, Sarag\u00f3 se la jug\u00f3 con l\u00ednea de tres en el fondo para presionar a su rival. <strong>\u201cNos quedamos jugando con 10, pasamos a una l\u00ednea de tres defensores, atacamos siempre y conseguimos la recompensa del gol\u201d<\/strong>, dijo. <strong>\u201cNos estaba sobrando uno atr\u00e1s para la cantidad de jugadores con los que atacaba Mineros, as\u00ed que arriesgamos\u201d<\/strong>.<\/p>\n<p style=\"text-align: justify;\">Se consigui\u00f3 el empate y con ello el club de la Cota 905 lleg\u00f3 a diez unidades en la clasificaci\u00f3n que lo ubican en estos momentos, con un compromiso menos que Zamora, en la segunda plaza. Esto para el timonel del Rojo es muy satisfactorio. <strong>\u201cEl equipo est\u00e1 muy comprometido, lucha cada pelota como si fuera la \u00faltima en los juegos y espero que sigamos as\u00ed. Sumar 10 puntos de 12, hasta ahora, es una buena cosecha y va a ser crucial lo hagamos en Maracay\u201d<\/strong>, sentenci\u00f3.<\/p>\n<p style=\"text-align: center;\"><a href=\"http:\/\/gradadigital.com\/home\/wp-content\/uploads\/2014\/10\/banner_aplicacion_V2_GRADADIGITAL_17102014.jpg\"><img loading=\"lazy\" decoding=\"async\" class=\"alignnone size-full wp-image-15415\" src=\"http:\/\/gradadigital.com\/home\/wp-content\/uploads\/2014\/10\/banner_aplicacion_V2_GRADADIGITAL_17102014.jpg\" alt=\"banner_aplicacion_V2_GRADADIGITAL_17102014\" width=\"620\" height=\"100\" srcset=\"http:\/\/gradadigital.com\/home\/wp-content\/uploads\/2014\/10\/banner_aplicacion_V2_GRADADIGITAL_17102014.jpg 620w, http:\/\/gradadigital.com\/home\/wp-content\/uploads\/2014\/10\/banner_aplicacion_V2_GRADADIGITAL_17102014-300x48.jpg 300w\" sizes=\"auto, (max-width: 620px) 100vw, 620px\" \/><\/a><\/p>\n","protected":false},"excerpt":{"rendered":"<p>PRENSA CFC.-\u00a0Caracas F\u00fatbol Club consigui\u00f3 este domingo un ag\u00f3nico empate frente a Mineros de Guayana en un partido de alta intensidad. Ambas escuadras, con presentes distintos, se jugaban mucho en la cancha del Estadio Ol\u00edmpico de la UCV, y el espect\u00e1culo estuvo a la altura de las circunstancias. Por una parte, los rojos del \u00c1vila &#8230;<\/p>\n","protected":false},"author":4,"featured_media":17893,"comment_status":"closed","ping_status":"closed","sticky":false,"template":"","format":"standard","meta":{"footnotes":""},"categories":[752,9,5,31],"tags":[],"class_list":["post-17892","post","type-post","status-publish","format-standard","has-post-thumbnail","hentry","category-appgd","category-caracas-fc","category-futbol-nacional","category-primera-division"],"_links":{"self":[{"href":"http:\/\/gradadigital.com\/home\/wp-json\/wp\/v2\/posts\/17892","targetHints":{"allow":["GET"]}}],"collection":[{"href":"http:\/\/gradadigital.com\/home\/wp-json\/wp\/v2\/posts"}],"about":[{"href":"http:\/\/gradadigital.com\/home\/wp-json\/wp\/v2\/types\/post"}],"author":[{"embeddable":true,"href":"http:\/\/gradadigital.com\/home\/wp-json\/wp\/v2\/users\/4"}],"replies":[{"embeddable":true,"href":"http:\/\/gradadigital.com\/home\/wp-json\/wp\/v2\/comments?post=17892"}],"version-history":[{"count":1,"href":"http:\/\/gradadigital.com\/home\/wp-json\/wp\/v2\/posts\/17892\/revisions"}],"predecessor-version":[{"id":17894,"href":"http:\/\/gradadigital.com\/home\/wp-json\/wp\/v2\/posts\/17892\/revisions\/17894"}],"wp:featuredmedia":[{"embeddable":true,"href":"http:\/\/gradadigital.com\/home\/wp-json\/wp\/v2\/media\/17893"}],"wp:attachment":[{"href":"http:\/\/gradadigital.com\/home\/wp-json\/wp\/v2\/media?parent=17892"}],"wp:term":[{"taxonomy":"category","embeddable":true,"href":"http:\/\/gradadigital.com\/home\/wp-json\/wp\/v2\/categories?post=17892"},{"taxonomy":"post_tag","embeddable":true,"href":"http:\/\/gradadigital.com\/home\/wp-json\/wp\/v2\/tags?post=17892"}],"curies":[{"name":"wp","href":"https:\/\/api.w.org\/{rel}","templated":true}]}}