{"id":17845,"date":"2015-02-01T14:18:50","date_gmt":"2015-02-01T18:48:50","guid":{"rendered":"http:\/\/gradadigital.com\/home\/?p=17845"},"modified":"2015-02-01T14:18:50","modified_gmt":"2015-02-01T18:48:50","slug":"wilker-angel-tenemos-que-hacer-respetar-nuestra-casa","status":"publish","type":"post","link":"http:\/\/gradadigital.com\/home\/wilker-angel-tenemos-que-hacer-respetar-nuestra-casa\/","title":{"rendered":"Wilker \u00c1ngel: \u00abTenemos que hacer respetar nuestra casa\u00bb"},"content":{"rendered":"<p style=\"text-align: center;\"><img loading=\"lazy\" decoding=\"async\" class=\"alignnone size-full wp-image-17846\" src=\"http:\/\/gradadigital.com\/home\/wp-content\/uploads\/2015\/02\/wilker_angel_atlvenezuela_laguiara_11012015.jpg\" alt=\"wilker_angel_atlvenezuela_laguiara_11012015\" width=\"682\" height=\"396\" srcset=\"http:\/\/gradadigital.com\/home\/wp-content\/uploads\/2015\/02\/wilker_angel_atlvenezuela_laguiara_11012015.jpg 682w, http:\/\/gradadigital.com\/home\/wp-content\/uploads\/2015\/02\/wilker_angel_atlvenezuela_laguiara_11012015-300x174.jpg 300w\" sizes=\"auto, (max-width: 682px) 100vw, 682px\" \/><\/p>\n<p style=\"text-align: center;\"><img loading=\"lazy\" decoding=\"async\" class=\"alignnone size-full wp-image-16349\" src=\"http:\/\/gradadigital.com\/home\/wp-content\/uploads\/2014\/12\/banner_opcion_comentarios_gd.jpg\" alt=\"banner_opcion_comentarios_gd\" width=\"621\" height=\"41\" srcset=\"http:\/\/gradadigital.com\/home\/wp-content\/uploads\/2014\/12\/banner_opcion_comentarios_gd.jpg 621w, http:\/\/gradadigital.com\/home\/wp-content\/uploads\/2014\/12\/banner_opcion_comentarios_gd-300x19.jpg 300w, http:\/\/gradadigital.com\/home\/wp-content\/uploads\/2014\/12\/banner_opcion_comentarios_gd-620x41.jpg 620w\" sizes=\"auto, (max-width: 621px) 100vw, 621px\" \/><\/p>\n<p style=\"text-align: justify;\"><strong>Luiyi Joan Vivas \/ Prensa Deportivo T\u00e1chira &#8211;<\/strong> En 2011 cuando Wilker \u00c1ngel apenas viv\u00eda sus primeros meses dentro del Deportivo T\u00e1chira F.C., recibi\u00f3 la grata oportunidad de estrenarse en la Copa Libertadores de Am\u00e9rica enfrentando a Cerro Porte\u00f1o de Paraguay. Cuatro a\u00f1os despu\u00e9s, el zaguero trujillano vivir\u00e1 una nueva prueba ante el elenco del Barrio Obrero de Asunci\u00f3n.<\/p>\n<p style=\"text-align: justify;\"><strong>\u201cEra mi debut en copa, algo que so\u00f1aba y por lo que siempre trabaj\u00e9 y se me dio jugar la Libertadores a muy temprana edad, pude jugarla ante este mismo rival, he ido ganando experiencia he ido creciendo con\u00a0 el tiempo\u201d<\/strong>, rememora el defensor atigrado, a prop\u00f3sito de aquella primera participaci\u00f3n internacional.<\/p>\n<p style=\"text-align: justify;\">Revivir ese duelo escenificado el 10 de marzo de 2011, en el Estadio General Pablo Rojas \u201cLa Olla\u201d, le trae buenas recuerdos al dorsal \u201c4\u201d del Carrusel Aurinegro. <strong>\u201cAdem\u00e1s lo recuerdo porque de hecho le di un pase a Sergio Herrera y pudo hacer el gol, empatamos de visitantes ante un gran rival\u201d<\/strong>.<\/p>\n<p style=\"text-align: justify;\">A la hora de analizar el duelo de este 2015, Wilker no duda en que Cerro Porte\u00f1o es un equipo con grandes fortalezas, ante las cuales deber\u00e1n estar muy atentos. <strong>\u201cEs un equipo complicado, los paraguayos m\u00e1s all\u00e1 del f\u00fatbol que proponen son equipos con mucha garra y coraje, pero nosotros tenemos que hacer respetar nuestra casa\u201d<\/strong>, contempla.<\/p>\n<p style=\"text-align: justify;\">En un combinado aurinegro donde la sana competencia por jugar es una realidad, \u00c1ngel se siente capaz de aportar tanto en la zaga central como en la primera l\u00ednea de volantes. <strong>\u201cEn el f\u00fatbol jugar en una misma posici\u00f3n te permite realizarla de la mejor manera, puedo jugar donde sea, no tengo problema, donde me toque estar voy a cumplir\u201d<\/strong>, agrega.<\/p>\n<p style=\"text-align: justify;\">Desde ya, Wilker \u00c1ngel se prepara para vivir tercera Copa Bridgestone Libertadores y su cuarta participaci\u00f3n internacional con el Deportivo T\u00e1chira F.C., realidad que para un efectivo de apenas 21 a\u00f1os resalta la inmensa val\u00eda que tiene dentro de la instituci\u00f3n amarilla y negra.<\/p>\n<p style=\"text-align: justify;\">La serie entre el Carrusel Aurinegro y Cerro Porte\u00f1o comenzar\u00e1 este mi\u00e9rcoles 04 de febrero a las 9:45 de la noche, en el Estadio Polideportivo de Pueblo Nuevo y cerrar\u00e1 una semana despu\u00e9s en suelo paraguayo.<\/p>\n<p style=\"text-align: center;\"><a href=\"https:\/\/play.google.com\/store\/apps\/details?id=com.app.gradadigital\" target=\"_blank\"><img loading=\"lazy\" decoding=\"async\" class=\"alignnone size-full wp-image-15415\" src=\"http:\/\/gradadigital.com\/home\/wp-content\/uploads\/2014\/10\/banner_aplicacion_V2_GRADADIGITAL_17102014.jpg\" alt=\"banner_aplicacion_V2_GRADADIGITAL_17102014\" width=\"620\" height=\"100\" srcset=\"http:\/\/gradadigital.com\/home\/wp-content\/uploads\/2014\/10\/banner_aplicacion_V2_GRADADIGITAL_17102014.jpg 620w, http:\/\/gradadigital.com\/home\/wp-content\/uploads\/2014\/10\/banner_aplicacion_V2_GRADADIGITAL_17102014-300x48.jpg 300w\" sizes=\"auto, (max-width: 620px) 100vw, 620px\" \/><\/a><\/p>\n","protected":false},"excerpt":{"rendered":"<p>Luiyi Joan Vivas \/ Prensa Deportivo T\u00e1chira &#8211; En 2011 cuando Wilker \u00c1ngel apenas viv\u00eda sus primeros meses dentro del Deportivo T\u00e1chira F.C., recibi\u00f3 la grata oportunidad de estrenarse en la Copa Libertadores de Am\u00e9rica enfrentando a Cerro Porte\u00f1o de Paraguay. Cuatro a\u00f1os despu\u00e9s, el zaguero trujillano vivir\u00e1 una nueva prueba ante el elenco del &#8230;<\/p>\n","protected":false},"author":4,"featured_media":17846,"comment_status":"closed","ping_status":"closed","sticky":false,"template":"","format":"standard","meta":{"footnotes":""},"categories":[752,37,11,36],"tags":[],"class_list":["post-17845","post","type-post","status-publish","format-standard","has-post-thumbnail","hentry","category-appgd","category-copa-libertadores","category-deportivo-tachira","category-internacional"],"_links":{"self":[{"href":"http:\/\/gradadigital.com\/home\/wp-json\/wp\/v2\/posts\/17845","targetHints":{"allow":["GET"]}}],"collection":[{"href":"http:\/\/gradadigital.com\/home\/wp-json\/wp\/v2\/posts"}],"about":[{"href":"http:\/\/gradadigital.com\/home\/wp-json\/wp\/v2\/types\/post"}],"author":[{"embeddable":true,"href":"http:\/\/gradadigital.com\/home\/wp-json\/wp\/v2\/users\/4"}],"replies":[{"embeddable":true,"href":"http:\/\/gradadigital.com\/home\/wp-json\/wp\/v2\/comments?post=17845"}],"version-history":[{"count":1,"href":"http:\/\/gradadigital.com\/home\/wp-json\/wp\/v2\/posts\/17845\/revisions"}],"predecessor-version":[{"id":17847,"href":"http:\/\/gradadigital.com\/home\/wp-json\/wp\/v2\/posts\/17845\/revisions\/17847"}],"wp:featuredmedia":[{"embeddable":true,"href":"http:\/\/gradadigital.com\/home\/wp-json\/wp\/v2\/media\/17846"}],"wp:attachment":[{"href":"http:\/\/gradadigital.com\/home\/wp-json\/wp\/v2\/media?parent=17845"}],"wp:term":[{"taxonomy":"category","embeddable":true,"href":"http:\/\/gradadigital.com\/home\/wp-json\/wp\/v2\/categories?post=17845"},{"taxonomy":"post_tag","embeddable":true,"href":"http:\/\/gradadigital.com\/home\/wp-json\/wp\/v2\/tags?post=17845"}],"curies":[{"name":"wp","href":"https:\/\/api.w.org\/{rel}","templated":true}]}}