{"id":17803,"date":"2015-01-31T22:23:54","date_gmt":"2015-02-01T02:53:54","guid":{"rendered":"http:\/\/gradadigital.com\/home\/?p=17803"},"modified":"2015-01-31T23:17:43","modified_gmt":"2015-02-01T03:47:43","slug":"nos-abrazamos-a-carlos-de-castro-y-companeros","status":"publish","type":"post","link":"http:\/\/gradadigital.com\/home\/nos-abrazamos-a-carlos-de-castro-y-companeros\/","title":{"rendered":"Nos abrazamos a Carlos De Castro y compa\u00f1eros"},"content":{"rendered":"<p style=\"text-align: center;\"><img loading=\"lazy\" decoding=\"async\" class=\"alignnone size-full wp-image-17804\" src=\"http:\/\/gradadigital.com\/home\/wp-content\/uploads\/2015\/01\/carlos_de_castro_caracas_estudiantes_10082014_2.jpg\" alt=\"carlos_de_castro_caracas_estudiantes_10082014_2\" width=\"682\" height=\"396\" srcset=\"http:\/\/gradadigital.com\/home\/wp-content\/uploads\/2015\/01\/carlos_de_castro_caracas_estudiantes_10082014_2.jpg 682w, http:\/\/gradadigital.com\/home\/wp-content\/uploads\/2015\/01\/carlos_de_castro_caracas_estudiantes_10082014_2-300x174.jpg 300w\" sizes=\"auto, (max-width: 682px) 100vw, 682px\" \/><\/p>\n<blockquote>\n<p style=\"text-align: justify;\">Desde <em>GradaDigital<\/em> nos unimos en el profundo deseo de la pronta recuperaci\u00f3n de Carlos De Castro y sus compa\u00f1eros,\u00a0quienes\u00a0transitan una dif\u00edcil situaci\u00f3n tras el lamentable accidente ocurrido el s\u00e1bado, 31 de enero.<\/p>\n<p style=\"text-align: justify;\">Sabemos de la fortaleza de los jugadores de Estudiantes de M\u00e9rida, quienes seguro podr\u00e1n superar este trago amargo. Nuestra solidaridad con todo el plantel, cuerpo t\u00e9cnico y afici\u00f3n meride\u00f1a.<\/p>\n<p style=\"text-align: justify;\">Unidos por el f\u00fatbol, unidos por la vida.<\/p>\n<p style=\"text-align: center;\">Atte.<br \/>\n<strong>Staff de Grada Digital<\/strong><\/p>\n<\/blockquote>\n","protected":false},"excerpt":{"rendered":"<p>Desde GradaDigital nos unimos en el profundo deseo de la pronta recuperaci\u00f3n de Carlos De Castro y sus compa\u00f1eros,\u00a0quienes\u00a0transitan una dif\u00edcil situaci\u00f3n tras el lamentable accidente ocurrido el s\u00e1bado, 31 de enero. Sabemos de la fortaleza de los jugadores de Estudiantes de M\u00e9rida, quienes seguro podr\u00e1n superar este trago amargo. Nuestra solidaridad con todo el &#8230;<\/p>\n","protected":false},"author":4,"featured_media":17804,"comment_status":"closed","ping_status":"closed","sticky":false,"template":"","format":"standard","meta":{"footnotes":""},"categories":[32,752,13,5,31],"tags":[],"class_list":["post-17803","post","type-post","status-publish","format-standard","has-post-thumbnail","hentry","category-especial","category-appgd","category-estudiantes-de-merida","category-futbol-nacional","category-primera-division"],"_links":{"self":[{"href":"http:\/\/gradadigital.com\/home\/wp-json\/wp\/v2\/posts\/17803","targetHints":{"allow":["GET"]}}],"collection":[{"href":"http:\/\/gradadigital.com\/home\/wp-json\/wp\/v2\/posts"}],"about":[{"href":"http:\/\/gradadigital.com\/home\/wp-json\/wp\/v2\/types\/post"}],"author":[{"embeddable":true,"href":"http:\/\/gradadigital.com\/home\/wp-json\/wp\/v2\/users\/4"}],"replies":[{"embeddable":true,"href":"http:\/\/gradadigital.com\/home\/wp-json\/wp\/v2\/comments?post=17803"}],"version-history":[{"count":4,"href":"http:\/\/gradadigital.com\/home\/wp-json\/wp\/v2\/posts\/17803\/revisions"}],"predecessor-version":[{"id":17808,"href":"http:\/\/gradadigital.com\/home\/wp-json\/wp\/v2\/posts\/17803\/revisions\/17808"}],"wp:featuredmedia":[{"embeddable":true,"href":"http:\/\/gradadigital.com\/home\/wp-json\/wp\/v2\/media\/17804"}],"wp:attachment":[{"href":"http:\/\/gradadigital.com\/home\/wp-json\/wp\/v2\/media?parent=17803"}],"wp:term":[{"taxonomy":"category","embeddable":true,"href":"http:\/\/gradadigital.com\/home\/wp-json\/wp\/v2\/categories?post=17803"},{"taxonomy":"post_tag","embeddable":true,"href":"http:\/\/gradadigital.com\/home\/wp-json\/wp\/v2\/tags?post=17803"}],"curies":[{"name":"wp","href":"https:\/\/api.w.org\/{rel}","templated":true}]}}