{"id":17682,"date":"2015-01-28T21:27:49","date_gmt":"2015-01-29T01:57:49","guid":{"rendered":"http:\/\/gradadigital.com\/home\/?p=17682"},"modified":"2015-01-28T22:58:48","modified_gmt":"2015-01-29T03:28:48","slug":"los-sancionados-de-la-tercera-jornada-del-clausura-2015-2015","status":"publish","type":"post","link":"http:\/\/gradadigital.com\/home\/los-sancionados-de-la-tercera-jornada-del-clausura-2015-2015\/","title":{"rendered":"Los sancionados de la tercera jornada del Clausura 2015"},"content":{"rendered":"<p style=\"text-align: center;\"><img decoding=\"async\" class=\"details-image\" draggable=\"false\" src=\"http:\/\/gradadigital.com\/home\/wp-content\/uploads\/2014\/09\/juan_soto_arbitraje_arbitro_atlvenezuela_estcaracas_19092014.jpg\" alt=\"\" \/><\/p>\n<p style=\"text-align: center;\"><img loading=\"lazy\" decoding=\"async\" class=\"alignnone size-full wp-image-16349\" src=\"http:\/\/gradadigital.com\/home\/wp-content\/uploads\/2014\/12\/banner_opcion_comentarios_gd.jpg\" alt=\"banner_opcion_comentarios_gd\" width=\"621\" height=\"41\" srcset=\"http:\/\/gradadigital.com\/home\/wp-content\/uploads\/2014\/12\/banner_opcion_comentarios_gd.jpg 621w, http:\/\/gradadigital.com\/home\/wp-content\/uploads\/2014\/12\/banner_opcion_comentarios_gd-300x19.jpg 300w, http:\/\/gradadigital.com\/home\/wp-content\/uploads\/2014\/12\/banner_opcion_comentarios_gd-620x41.jpg 620w\" sizes=\"auto, (max-width: 621px) 100vw, 621px\" \/><\/p>\n<p style=\"text-align: justify;\"><strong>Prensa FVF &#8211;<\/strong> El Consejo de Honor de la Federaci\u00f3n Venezolana de F\u00fatbol dio a conocer las sanciones correspondientes a la tercera jornada del Torneo Clausura 2015 de la Primera Divisi\u00f3n de la Liga Movistar.<\/p>\n<p style=\"text-align: justify;\">Carlos Ter\u00e1n, presidente; Luis Sanglade y Domingo Gonz\u00e1lez, miembros; y Amarilis Belisario, secretaria ejecutiva, sancionaron lo siguiente con base a la normativa vigente:<\/p>\n<p style=\"text-align: justify;\"><strong>\u2022\u00a0Daniel Ben\u00edtez (Deportivo La Guaira)<\/strong> 1 partido de suspensi\u00f3n por recibir doble amonestaci\u00f3n en un mismo encuentro.<\/p>\n<p style=\"text-align: justify;\"><strong>\u2022 Anthony Blondell (Zamora FC)<\/strong> 2 partidos de suspensi\u00f3n por agredir f\u00edsicamente a un jugador del equipo contrario sin disputa del bal\u00f3n.<\/p>\n<p style=\"text-align: justify;\"><strong>\u2022 Juan Colina (Deportivo Lara)<\/strong> 2 partidos de suspensi\u00f3n por agredir f\u00edsicamente a un jugador del equipo contrario sin disputa del bal\u00f3n.<\/p>\n<p style=\"text-align: justify;\"><strong>\u2022 Yean Goldstein, Asistente T\u00e9cnico (Portuguesa FC)<\/strong> 6 partidos de suspensi\u00f3n por insultar con palabras obscenas, t\u00e9rminos desconsiderados y denigrantes al ser humano al cuarteto arbitral menospreciando p\u00fablicamente su autoridad y atentando contra su dignidad humana, al finalizar el primer tiempo del encuentro, continuando con esta conducta antideportiva en las \u00e1reas adyacentes a los camerinos, siendo necesaria la intervenci\u00f3n del personal t\u00e9cnico de su equipo y el Delegado de Campo para retirarlo.<\/p>\n<p style=\"text-align: center;\"><a href=\"https:\/\/play.google.com\/store\/apps\/details?id=com.app.gradadigital\" target=\"_blank\"><img loading=\"lazy\" decoding=\"async\" class=\"alignnone size-full wp-image-15415\" src=\"http:\/\/gradadigital.com\/home\/wp-content\/uploads\/2014\/10\/banner_aplicacion_V2_GRADADIGITAL_17102014.jpg\" alt=\"banner_aplicacion_V2_GRADADIGITAL_17102014\" width=\"620\" height=\"100\" srcset=\"http:\/\/gradadigital.com\/home\/wp-content\/uploads\/2014\/10\/banner_aplicacion_V2_GRADADIGITAL_17102014.jpg 620w, http:\/\/gradadigital.com\/home\/wp-content\/uploads\/2014\/10\/banner_aplicacion_V2_GRADADIGITAL_17102014-300x48.jpg 300w\" sizes=\"auto, (max-width: 620px) 100vw, 620px\" \/><\/a><\/p>\n","protected":false},"excerpt":{"rendered":"<p>Prensa FVF &#8211; El Consejo de Honor de la Federaci\u00f3n Venezolana de F\u00fatbol dio a conocer las sanciones correspondientes a la tercera jornada del Torneo Clausura 2015 de la Primera Divisi\u00f3n de la Liga Movistar. Carlos Ter\u00e1n, presidente; Luis Sanglade y Domingo Gonz\u00e1lez, miembros; y Amarilis Belisario, secretaria ejecutiva, sancionaron lo siguiente con base a &#8230;<\/p>\n","protected":false},"author":3,"featured_media":15109,"comment_status":"closed","ping_status":"closed","sticky":false,"template":"","format":"standard","meta":{"footnotes":""},"categories":[752,8,18,5,17,31,21],"tags":[1010,1008,60,62,135,1009,499,1852,942,1847],"class_list":["post-17682","post","type-post","status-publish","format-standard","has-post-thumbnail","hentry","category-appgd","category-cd-lara","category-real-esppor","category-futbol-nacional","category-portuguesa-fc","category-primera-division","category-zamora-fc","tag-anthony-blondell","tag-daniel-benitez","tag-deportivo-la-guaira","tag-deportivo-lara","tag-fvf","tag-juan-colina","tag-liga-movistar","tag-primera-division","tag-torneo-clausura-2015","tag-zamora-fc"],"_links":{"self":[{"href":"http:\/\/gradadigital.com\/home\/wp-json\/wp\/v2\/posts\/17682","targetHints":{"allow":["GET"]}}],"collection":[{"href":"http:\/\/gradadigital.com\/home\/wp-json\/wp\/v2\/posts"}],"about":[{"href":"http:\/\/gradadigital.com\/home\/wp-json\/wp\/v2\/types\/post"}],"author":[{"embeddable":true,"href":"http:\/\/gradadigital.com\/home\/wp-json\/wp\/v2\/users\/3"}],"replies":[{"embeddable":true,"href":"http:\/\/gradadigital.com\/home\/wp-json\/wp\/v2\/comments?post=17682"}],"version-history":[{"count":2,"href":"http:\/\/gradadigital.com\/home\/wp-json\/wp\/v2\/posts\/17682\/revisions"}],"predecessor-version":[{"id":17684,"href":"http:\/\/gradadigital.com\/home\/wp-json\/wp\/v2\/posts\/17682\/revisions\/17684"}],"wp:featuredmedia":[{"embeddable":true,"href":"http:\/\/gradadigital.com\/home\/wp-json\/wp\/v2\/media\/15109"}],"wp:attachment":[{"href":"http:\/\/gradadigital.com\/home\/wp-json\/wp\/v2\/media?parent=17682"}],"wp:term":[{"taxonomy":"category","embeddable":true,"href":"http:\/\/gradadigital.com\/home\/wp-json\/wp\/v2\/categories?post=17682"},{"taxonomy":"post_tag","embeddable":true,"href":"http:\/\/gradadigital.com\/home\/wp-json\/wp\/v2\/tags?post=17682"}],"curies":[{"name":"wp","href":"https:\/\/api.w.org\/{rel}","templated":true}]}}