{"id":17663,"date":"2015-01-28T17:20:17","date_gmt":"2015-01-28T21:50:17","guid":{"rendered":"http:\/\/gradadigital.com\/home\/?p=17663"},"modified":"2015-01-28T18:10:16","modified_gmt":"2015-01-28T22:40:16","slug":"video-arda-turan-le-lanzo-la-bota-al-linier","status":"publish","type":"post","link":"http:\/\/gradadigital.com\/home\/video-arda-turan-le-lanzo-la-bota-al-linier\/","title":{"rendered":"VIDEO | Arda Turan le lanz\u00f3 la bota al linier"},"content":{"rendered":"<p><iframe loading=\"lazy\" class=\"vine-embed\" src=\"https:\/\/vine.co\/v\/OTYMtOWQM6g\/embed\/simple\" width=\"600\" height=\"600\" frameborder=\"0\"><\/iframe><\/p>\n<p style=\"text-align: center;\"><img loading=\"lazy\" decoding=\"async\" class=\"alignnone size-full wp-image-16349\" src=\"http:\/\/gradadigital.com\/home\/wp-content\/uploads\/2014\/12\/banner_opcion_comentarios_gd.jpg\" alt=\"banner_opcion_comentarios_gd\" width=\"621\" height=\"41\" srcset=\"http:\/\/gradadigital.com\/home\/wp-content\/uploads\/2014\/12\/banner_opcion_comentarios_gd.jpg 621w, http:\/\/gradadigital.com\/home\/wp-content\/uploads\/2014\/12\/banner_opcion_comentarios_gd-300x19.jpg 300w, http:\/\/gradadigital.com\/home\/wp-content\/uploads\/2014\/12\/banner_opcion_comentarios_gd-620x41.jpg 620w\" sizes=\"auto, (max-width: 621px) 100vw, 621px\" \/><\/p>\n<p><script src=\"\/\/platform.vine.co\/static\/scripts\/embed.js\" async=\"\" charset=\"utf-8\"><\/script><\/p>\n<p style=\"text-align: justify;\"><strong>GradaDigital.com &#8211;<\/strong> El centrocampista turco Arda Turan del Atl\u00e9tico de Madrid perdi\u00f3 la bota forcejeando con Dani Alves del Barcelona, reclam\u00f3 falta a favor y le lanz\u00f3 la bota al linier como gesto de protesta. El\u00a0\u00e1rbitro principal, Jes\u00fas Gil Manzano, solo le ense\u00f1\u00f3 tarjeta amarilla.<\/p>\n<p style=\"text-align: center;\"><a href=\"https:\/\/play.google.com\/store\/apps\/details?id=com.app.gradadigital\" target=\"_blank\"><img loading=\"lazy\" decoding=\"async\" class=\"alignnone size-full wp-image-15415\" src=\"http:\/\/gradadigital.com\/home\/wp-content\/uploads\/2014\/10\/banner_aplicacion_V2_GRADADIGITAL_17102014.jpg\" alt=\"banner_aplicacion_V2_GRADADIGITAL_17102014\" width=\"620\" height=\"100\" srcset=\"http:\/\/gradadigital.com\/home\/wp-content\/uploads\/2014\/10\/banner_aplicacion_V2_GRADADIGITAL_17102014.jpg 620w, http:\/\/gradadigital.com\/home\/wp-content\/uploads\/2014\/10\/banner_aplicacion_V2_GRADADIGITAL_17102014-300x48.jpg 300w\" sizes=\"auto, (max-width: 620px) 100vw, 620px\" \/><\/a><\/p>\n","protected":false},"excerpt":{"rendered":"<p>GradaDigital.com &#8211; El centrocampista turco Arda Turan del Atl\u00e9tico de Madrid perdi\u00f3 la bota forcejeando con Dani Alves del Barcelona, reclam\u00f3 falta a favor y le lanz\u00f3 la bota al linier como gesto de protesta. El\u00a0\u00e1rbitro principal, Jes\u00fas Gil Manzano, solo le ense\u00f1\u00f3 tarjeta amarilla.<\/p>\n","protected":false},"author":3,"featured_media":17665,"comment_status":"closed","ping_status":"closed","sticky":false,"template":"","format":"standard","meta":{"footnotes":""},"categories":[27,36],"tags":[999,513,176,414],"class_list":["post-17663","post","type-post","status-publish","format-standard","has-post-thumbnail","hentry","category-video","category-internacional","tag-arda-turan","tag-atletico-de-madrid","tag-barcelona","tag-copa-del-rey"],"_links":{"self":[{"href":"http:\/\/gradadigital.com\/home\/wp-json\/wp\/v2\/posts\/17663","targetHints":{"allow":["GET"]}}],"collection":[{"href":"http:\/\/gradadigital.com\/home\/wp-json\/wp\/v2\/posts"}],"about":[{"href":"http:\/\/gradadigital.com\/home\/wp-json\/wp\/v2\/types\/post"}],"author":[{"embeddable":true,"href":"http:\/\/gradadigital.com\/home\/wp-json\/wp\/v2\/users\/3"}],"replies":[{"embeddable":true,"href":"http:\/\/gradadigital.com\/home\/wp-json\/wp\/v2\/comments?post=17663"}],"version-history":[{"count":3,"href":"http:\/\/gradadigital.com\/home\/wp-json\/wp\/v2\/posts\/17663\/revisions"}],"predecessor-version":[{"id":17668,"href":"http:\/\/gradadigital.com\/home\/wp-json\/wp\/v2\/posts\/17663\/revisions\/17668"}],"wp:featuredmedia":[{"embeddable":true,"href":"http:\/\/gradadigital.com\/home\/wp-json\/wp\/v2\/media\/17665"}],"wp:attachment":[{"href":"http:\/\/gradadigital.com\/home\/wp-json\/wp\/v2\/media?parent=17663"}],"wp:term":[{"taxonomy":"category","embeddable":true,"href":"http:\/\/gradadigital.com\/home\/wp-json\/wp\/v2\/categories?post=17663"},{"taxonomy":"post_tag","embeddable":true,"href":"http:\/\/gradadigital.com\/home\/wp-json\/wp\/v2\/tags?post=17663"}],"curies":[{"name":"wp","href":"https:\/\/api.w.org\/{rel}","templated":true}]}}