{"id":17601,"date":"2015-01-27T12:15:45","date_gmt":"2015-01-27T16:45:45","guid":{"rendered":"http:\/\/gradadigital.com\/home\/?p=17601"},"modified":"2015-01-27T14:01:38","modified_gmt":"2015-01-27T18:31:38","slug":"zamora-hara-respetar-su-casa-frente-a-carabobo","status":"publish","type":"post","link":"http:\/\/gradadigital.com\/home\/zamora-hara-respetar-su-casa-frente-a-carabobo\/","title":{"rendered":"Zamora har\u00e1 respetar su casa frente a Carabobo"},"content":{"rendered":"<p style=\"text-align: center;\"><img decoding=\"async\" class=\"details-image\" draggable=\"false\" src=\"http:\/\/gradadigital.com\/home\/wp-content\/uploads\/2015\/01\/once_inicial_zamora_torneo_clausura_27012015.jpg\" alt=\"\" \/><\/p>\n<p style=\"text-align: center;\"><img loading=\"lazy\" decoding=\"async\" class=\"alignnone size-full wp-image-16349\" src=\"http:\/\/gradadigital.com\/home\/wp-content\/uploads\/2014\/12\/banner_opcion_comentarios_gd.jpg\" alt=\"banner_opcion_comentarios_gd\" width=\"621\" height=\"41\" srcset=\"http:\/\/gradadigital.com\/home\/wp-content\/uploads\/2014\/12\/banner_opcion_comentarios_gd.jpg 621w, http:\/\/gradadigital.com\/home\/wp-content\/uploads\/2014\/12\/banner_opcion_comentarios_gd-300x19.jpg 300w, http:\/\/gradadigital.com\/home\/wp-content\/uploads\/2014\/12\/banner_opcion_comentarios_gd-620x41.jpg 620w\" sizes=\"auto, (max-width: 621px) 100vw, 621px\" \/><\/p>\n<p style=\"text-align: justify;\"><strong>Peter Herrera \/ Prensa Zamora FC &#8211;<\/strong> En medio de una racha positiva en el arranque del Torneo Clausura 2015, el Zamora F\u00fatbol Club prepara su fort\u00edn: el Agust\u00edn Tovar \u201cLa Carolina\u201d, para recibir al Carabobo FC; en una jornada reprogramada correspondiente a la fecha 11 del campeonato.<\/p>\n<p style=\"text-align: center;\"><img decoding=\"async\" class=\"details-image\" draggable=\"false\" src=\"http:\/\/gradadigital.com\/home\/wp-content\/uploads\/2015\/01\/julio_quintero_zamora_torneo_clausura_27012015.jpg\" alt=\"\" \/><\/p>\n<p style=\"text-align: justify;\">El cuadro dirigido por Julio Quintero, descans\u00f3 en Valera luego de la victoria ante Trujillanos y regres\u00f3 el pasado lunes a la ciudad marquesa para iniciar de inmediato la concentraci\u00f3n de cara al duelo de este mi\u00e9rcoles. <strong>\u201cSe est\u00e1 haciendo un gran esfuerzo de parte de toda la directiva, cuerpo t\u00e9cnico y jugadores para sacar buenos resultados. Descansamos en Valera, cambiamos el chip y empezamos a planificar de cara al duelo ante Carabobo\u201d<\/strong>, adelanto Quintero.<\/p>\n<p style=\"text-align: justify;\"><strong>\u201cCarabobo es un rival duro como todos en el torneo\u201d<\/strong>, enfatiz\u00f3 el estratega barin\u00e9s. <strong>\u201cSin embargo, nuestro equipo viene practicando buen f\u00fatbol en las \u00faltimas jornadas y haremos el mismo esfuerzo o mayor en casa ante Carabobo\u201d<\/strong>, continu\u00f3 Julio. <strong>\u201cNecesitamos sumar la mayor cantidad de puntos posibles en este arranque de torneo. La casa siempre vamos a hacerla respetar y trataremos de dejar los tres puntos en Barinas\u201d<\/strong>, cerr\u00f3 el timonel zamorano.<\/p>\n<p style=\"text-align: center;\"><img decoding=\"async\" class=\"details-image\" draggable=\"false\" src=\"http:\/\/gradadigital.com\/home\/wp-content\/uploads\/2015\/01\/arles_flores_zamora_torneo_clausura_27012015.jpg\" alt=\"\" \/><\/p>\n<p style=\"text-align: justify;\">Por otro lado, el volante de \u00abLa Furia Llanera\u00bb Arles Flores, habl\u00f3 sobre la larga semana que afronta el bicampe\u00f3n venezolano: <strong>\u201cSab\u00edamos que esta iba a ser una semana dura. Ya pudimos arrancarle tres puntos a Trujillanos y ahora tendremos una doble jornada en casa ante Carabobo y Metropolitanos, donde debemos sacar los seis puntos en disputa\u201d<\/strong>.<\/p>\n<p style=\"text-align: justify;\">Sobre el rival de turno, el oriundo de San Silvestre, a\u00f1adi\u00f3: <strong>\u201cCarabobo es un equipo necesitado de puntos, pero nosotros estamos haciendo un esfuerzo por sumar de tres en casa. No ser\u00e1 nada f\u00e1cil, pero vamos a mantener la concentraci\u00f3n y hacer lo que nos pida el profesor para obtener la victoria\u201d<\/strong>, concret\u00f3 el dorsal \u00ab8\u00bb.<\/p>\n<p style=\"text-align: justify;\"><strong><span style=\"text-decoration: underline;\">ZAMORA FC VS CARABOBO FC<br \/>\n<\/span><\/strong><strong>Jornada 11 (reprogramada) | Torneo Clausura 2015 | Primera Divisi\u00f3n<br \/>\n<\/strong><strong>Fecha:<\/strong> Mi\u00e9rcoles, 28 de enero de 2015.<br \/>\n<strong>Estadio:<\/strong> Agust\u00edn Tovar \u201cLa Carolina\u201d, Barinas (VEN).<br \/>\n<strong>Hora:<\/strong> 7:30 pm.<\/p>\n<p style=\"text-align: center;\"><a href=\"https:\/\/play.google.com\/store\/apps\/details?id=com.app.gradadigital\" target=\"_blank\"><img loading=\"lazy\" decoding=\"async\" class=\"alignnone size-full wp-image-15415\" src=\"http:\/\/gradadigital.com\/home\/wp-content\/uploads\/2014\/10\/banner_aplicacion_V2_GRADADIGITAL_17102014.jpg\" alt=\"banner_aplicacion_V2_GRADADIGITAL_17102014\" width=\"620\" height=\"100\" srcset=\"http:\/\/gradadigital.com\/home\/wp-content\/uploads\/2014\/10\/banner_aplicacion_V2_GRADADIGITAL_17102014.jpg 620w, http:\/\/gradadigital.com\/home\/wp-content\/uploads\/2014\/10\/banner_aplicacion_V2_GRADADIGITAL_17102014-300x48.jpg 300w\" sizes=\"auto, (max-width: 620px) 100vw, 620px\" \/><\/a><\/p>\n","protected":false},"excerpt":{"rendered":"<p>Peter Herrera \/ Prensa Zamora FC &#8211; En medio de una racha positiva en el arranque del Torneo Clausura 2015, el Zamora F\u00fatbol Club prepara su fort\u00edn: el Agust\u00edn Tovar \u201cLa Carolina\u201d, para recibir al Carabobo FC; en una jornada reprogramada correspondiente a la fecha 11 del campeonato. El cuadro dirigido por Julio Quintero, descans\u00f3 &#8230;<\/p>\n","protected":false},"author":3,"featured_media":17602,"comment_status":"closed","ping_status":"closed","sticky":false,"template":"","format":"standard","meta":{"footnotes":""},"categories":[752,5,31,21],"tags":[662,702,1851,990,659,942,1847],"class_list":["post-17601","post","type-post","status-publish","format-standard","has-post-thumbnail","hentry","category-appgd","category-futbol-nacional","category-primera-division","category-zamora-fc","tag-agustin-tovar","tag-arles-flores","tag-carabobo-fc","tag-julio-quintero","tag-la-carolina","tag-torneo-clausura-2015","tag-zamora-fc"],"_links":{"self":[{"href":"http:\/\/gradadigital.com\/home\/wp-json\/wp\/v2\/posts\/17601","targetHints":{"allow":["GET"]}}],"collection":[{"href":"http:\/\/gradadigital.com\/home\/wp-json\/wp\/v2\/posts"}],"about":[{"href":"http:\/\/gradadigital.com\/home\/wp-json\/wp\/v2\/types\/post"}],"author":[{"embeddable":true,"href":"http:\/\/gradadigital.com\/home\/wp-json\/wp\/v2\/users\/3"}],"replies":[{"embeddable":true,"href":"http:\/\/gradadigital.com\/home\/wp-json\/wp\/v2\/comments?post=17601"}],"version-history":[{"count":3,"href":"http:\/\/gradadigital.com\/home\/wp-json\/wp\/v2\/posts\/17601\/revisions"}],"predecessor-version":[{"id":17614,"href":"http:\/\/gradadigital.com\/home\/wp-json\/wp\/v2\/posts\/17601\/revisions\/17614"}],"wp:featuredmedia":[{"embeddable":true,"href":"http:\/\/gradadigital.com\/home\/wp-json\/wp\/v2\/media\/17602"}],"wp:attachment":[{"href":"http:\/\/gradadigital.com\/home\/wp-json\/wp\/v2\/media?parent=17601"}],"wp:term":[{"taxonomy":"category","embeddable":true,"href":"http:\/\/gradadigital.com\/home\/wp-json\/wp\/v2\/categories?post=17601"},{"taxonomy":"post_tag","embeddable":true,"href":"http:\/\/gradadigital.com\/home\/wp-json\/wp\/v2\/tags?post=17601"}],"curies":[{"name":"wp","href":"https:\/\/api.w.org\/{rel}","templated":true}]}}