{"id":1758,"date":"2013-06-25T21:48:09","date_gmt":"2013-06-26T02:18:09","guid":{"rendered":"http:\/\/gradadigital.com\/home\/?p=1758"},"modified":"2013-06-25T21:49:03","modified_gmt":"2013-06-26T02:19:03","slug":"el-esppor-dice-adios-y-oficialmente-es-deportivo-la-guaira","status":"publish","type":"post","link":"http:\/\/gradadigital.com\/home\/el-esppor-dice-adios-y-oficialmente-es-deportivo-la-guaira\/","title":{"rendered":"El Esppor dice adi\u00f3s y oficialmente es Deportivo La Guaira"},"content":{"rendered":"<p style=\"text-align: center;\"><a href=\"http:\/\/gradadigital.com\/home\/wp-content\/uploads\/2013\/06\/deportivo_la_guaira_esppor_25062013.jpg\"><img loading=\"lazy\" decoding=\"async\" class=\"size-full wp-image-1696 aligncenter\" style=\"border: 0px none;\" alt=\"deportivo_la_guaira_esppor_25062013\" src=\"http:\/\/gradadigital.com\/home\/wp-content\/uploads\/2013\/06\/deportivo_la_guaira_esppor_25062013.jpg\" width=\"596\" height=\"346\" srcset=\"http:\/\/gradadigital.com\/home\/wp-content\/uploads\/2013\/06\/deportivo_la_guaira_esppor_25062013.jpg 596w, http:\/\/gradadigital.com\/home\/wp-content\/uploads\/2013\/06\/deportivo_la_guaira_esppor_25062013-300x174.jpg 300w\" sizes=\"auto, (max-width: 596px) 100vw, 596px\" \/><\/a><\/p>\n<p style=\"text-align: justify;\"><strong>Agust\u00edn Rodr\u00edguez Weil.-<\/strong> Tras valioso recorrido por el f\u00fatbol venezolano, Real ESPPOR Club dar\u00e1 paso a Deportivo La Guaira para convertirse en la representaci\u00f3n futbol\u00edstica de esta regi\u00f3n del pa\u00eds. El conjunto venezolano disputar\u00e1 su primer torneo en el Estadio Nacional Br\u00edgido Iriarte del Para\u00edso.<\/p>\n<p>El primer paso que fue la presentaci\u00f3n de motivos en la Asamblea de Clubes, realizada en Valencia, termin\u00f3 de manera satisfactoria, as\u00ed como la aprobaci\u00f3n de la Asociaci\u00f3n de F\u00fatbol del Estado Miranda a la cual pertenece la instituci\u00f3n. En los pr\u00f3ximos d\u00edas se estar\u00e1n realizando todos los cambios pertinentes en la p\u00e1gina web.<\/p>\n<p>El equipo comenzar\u00e1 su andadura en el Torneo Apertura en Pueblo Nuevo ante Deportivo T\u00e1chira y en el Metropolitano de M\u00e9rida ante Estudiantes de M\u00e9rida. En la tercera fecha, Deportivo La Guaira recibir\u00e1 a Mineros de Guayana en el Estadio Br\u00edgido Iriarte del Para\u00edso. El torneo comenzar\u00e1 el 11 de agosto, y en vista a los ahorros energ\u00e9ticos, los partidos se jugar\u00e1n en casi todo el pa\u00eds a las 3:30 PM.<\/p>\n","protected":false},"excerpt":{"rendered":"<p>Agust\u00edn Rodr\u00edguez Weil.- Tras valioso recorrido por el f\u00fatbol venezolano, Real ESPPOR Club dar\u00e1 paso a Deportivo La Guaira para convertirse en la representaci\u00f3n futbol\u00edstica de esta regi\u00f3n del pa\u00eds. El conjunto venezolano disputar\u00e1 su primer torneo en el Estadio Nacional Br\u00edgido Iriarte del Para\u00edso. El primer paso que fue la presentaci\u00f3n de motivos en &#8230;<\/p>\n","protected":false},"author":4,"featured_media":269,"comment_status":"closed","ping_status":"closed","sticky":false,"template":"","format":"standard","meta":{"footnotes":""},"categories":[18,5,31],"tags":[],"class_list":["post-1758","post","type-post","status-publish","format-standard","has-post-thumbnail","hentry","category-real-esppor","category-futbol-nacional","category-primera-division"],"_links":{"self":[{"href":"http:\/\/gradadigital.com\/home\/wp-json\/wp\/v2\/posts\/1758","targetHints":{"allow":["GET"]}}],"collection":[{"href":"http:\/\/gradadigital.com\/home\/wp-json\/wp\/v2\/posts"}],"about":[{"href":"http:\/\/gradadigital.com\/home\/wp-json\/wp\/v2\/types\/post"}],"author":[{"embeddable":true,"href":"http:\/\/gradadigital.com\/home\/wp-json\/wp\/v2\/users\/4"}],"replies":[{"embeddable":true,"href":"http:\/\/gradadigital.com\/home\/wp-json\/wp\/v2\/comments?post=1758"}],"version-history":[{"count":3,"href":"http:\/\/gradadigital.com\/home\/wp-json\/wp\/v2\/posts\/1758\/revisions"}],"predecessor-version":[{"id":1761,"href":"http:\/\/gradadigital.com\/home\/wp-json\/wp\/v2\/posts\/1758\/revisions\/1761"}],"wp:featuredmedia":[{"embeddable":true,"href":"http:\/\/gradadigital.com\/home\/wp-json\/wp\/v2\/media\/269"}],"wp:attachment":[{"href":"http:\/\/gradadigital.com\/home\/wp-json\/wp\/v2\/media?parent=1758"}],"wp:term":[{"taxonomy":"category","embeddable":true,"href":"http:\/\/gradadigital.com\/home\/wp-json\/wp\/v2\/categories?post=1758"},{"taxonomy":"post_tag","embeddable":true,"href":"http:\/\/gradadigital.com\/home\/wp-json\/wp\/v2\/tags?post=1758"}],"curies":[{"name":"wp","href":"https:\/\/api.w.org\/{rel}","templated":true}]}}