{"id":17510,"date":"2015-01-25T11:08:26","date_gmt":"2015-01-25T15:38:26","guid":{"rendered":"http:\/\/gradadigital.com\/home\/?p=17510"},"modified":"2015-01-25T11:08:26","modified_gmt":"2015-01-25T15:38:26","slug":"debuto-bordagaray-nunca-imagine-que-el-partido-iba-a-ser-tan-luchado","status":"publish","type":"post","link":"http:\/\/gradadigital.com\/home\/debuto-bordagaray-nunca-imagine-que-el-partido-iba-a-ser-tan-luchado\/","title":{"rendered":"Debut\u00f3 Bordagaray: \u201cNunca imagin\u00e9 que el partido iba a ser tan luchado\u201d"},"content":{"rendered":"<p style=\"text-align: center;\"><img loading=\"lazy\" decoding=\"async\" class=\"alignnone size-full wp-image-17511\" src=\"http:\/\/gradadigital.com\/home\/wp-content\/uploads\/2015\/01\/fabian_bordagaray_metropolitanos_caracas_24012015.jpg\" alt=\"fabian_bordagaray_metropolitanos_caracas_24012015\" width=\"682\" height=\"396\" srcset=\"http:\/\/gradadigital.com\/home\/wp-content\/uploads\/2015\/01\/fabian_bordagaray_metropolitanos_caracas_24012015.jpg 682w, http:\/\/gradadigital.com\/home\/wp-content\/uploads\/2015\/01\/fabian_bordagaray_metropolitanos_caracas_24012015-300x174.jpg 300w\" sizes=\"auto, (max-width: 682px) 100vw, 682px\" \/><\/p>\n<p style=\"text-align: center;\"><img loading=\"lazy\" decoding=\"async\" class=\"alignnone size-full wp-image-16349\" src=\"http:\/\/gradadigital.com\/home\/wp-content\/uploads\/2014\/12\/banner_opcion_comentarios_gd.jpg\" alt=\"banner_opcion_comentarios_gd\" width=\"621\" height=\"41\" srcset=\"http:\/\/gradadigital.com\/home\/wp-content\/uploads\/2014\/12\/banner_opcion_comentarios_gd.jpg 621w, http:\/\/gradadigital.com\/home\/wp-content\/uploads\/2014\/12\/banner_opcion_comentarios_gd-300x19.jpg 300w, http:\/\/gradadigital.com\/home\/wp-content\/uploads\/2014\/12\/banner_opcion_comentarios_gd-620x41.jpg 620w\" sizes=\"auto, (max-width: 621px) 100vw, 621px\" \/><\/p>\n<p style=\"text-align: justify;\"><strong>Miguel Vallenilla &#8211;<\/strong> La afici\u00f3n capitalina presenci\u00f3 lo que fue el debut de Fabi\u00e1n Bordagaray con la camiseta \u201cRoja\u201d, jugador polivalente que Eduardo Sarag\u00f3 ha considerado como una contrataci\u00f3n para reforzar al equipo, analizando que los otros recientes fichajes son sustituciones por quienes se tuvieron que ir. Con un curr\u00edculum m\u00e1s que importante, Bordagaray no esperaba un inicio tan duro.<\/p>\n<p style=\"text-align: justify;\"><strong>\u201cNunca imagin\u00e9 que el partido iba a ser tan luchado\u201d<\/strong>, expres\u00f3 Fabi\u00e1n tras la culminaci\u00f3n del encuentro ante Metropolitanos.<strong> \u201cDemostramos que necesitamos los tres puntos como sea, jugando bien o mal\u201d<\/strong>, agreg\u00f3.<\/p>\n<p style=\"text-align: justify;\">El camiseta once del equipo apenas se ha integrado con el nuevo plantel durante seis d\u00edas, por lo que <strong>\u201cse valora mucho que los compa\u00f1eros y cuerpo t\u00e9cnico conf\u00eden en uno para estar ac\u00e1 adentro defendiendo la camiseta desde el arranque\u201d<\/strong>. El argentino de 27 a\u00f1os de edad tra\u00eda reciente ritmo futbol\u00edstico desde Grecia donde defendiera los colores del Levadiakos FC. <strong>\u201cEstoy adapt\u00e1ndome de a poquito. Nos tenemos que moldear a lo que sea, necesitamos los tres puntos en todos los partidos, y ya va quedando asentada la idea que tiene el equipo y el t\u00e9cnico\u201d<\/strong>. Bordagaray considera que ante Metropolitanos <strong>\u201cse jug\u00f3 por momentos un poco bien. En lo personal mi objetivo fue siempre tratar de lastimar al rival o darle el pase a mis compa\u00f1eros\u201d<\/strong>, resumi\u00f3 sobre las caracter\u00edsticas de juego que puede aportar.<\/p>\n<p style=\"text-align: justify;\">Fabi\u00e1n, ex jugador de River Plate y San Lorenzo de Almagro, expres\u00f3 que le motiv\u00f3 mucho dar el salto al f\u00fatbol venezolano, espec\u00edficamente con el Caracas FC. <strong>\u201cLa verdad que muy emocionado cuando lleg\u00f3 la propuesta del Caracas, de ah\u00ed para adelante por el hecho de que este club trata de estar en lo m\u00e1s alto de local y en competiciones internacionales. Hay que sacar el campeonato y tratar de meterse en torneo internacional\u201d<\/strong>. Se describe como un <strong>\u201cjugador de mediapunta, pero haciendo el trabajo de volante si el equipo lo necesita. Lo tengo que hacer\u201d<\/strong>. Y no esconde su sorpresa ante lo que ha presenciado en los pocos d\u00edas: <strong>\u201chay jugadores de mucha calidad y para pelear el torneo\u201d<\/strong>.<\/p>\n<p style=\"text-align: justify;\">Por lo pronto, Bordagaray ya fue advertido por sus compa\u00f1eros de que lo vivido el s\u00e1bado en el Br\u00edgido Iriarte es muy parecido a lo que enfrentar\u00e1 en el resto del torneo. <strong>\u201cHablando con los chicos, me dicen que la gran mayor\u00eda le sale a jugar as\u00ed al Caracas, con l\u00ednea de cuatro, l\u00ednea de cinco abajo\u201d<\/strong>. Ahora le toca recuperarse de las marcas que dejaron los rivales que enfrent\u00f3 en su debut. <strong>\u201cTengo un golpe en la rodilla, patadas en la pierna pero normales, cosas de partido\u201d<\/strong>, finaliz\u00f3.<\/p>\n<p style=\"text-align: center;\"><a href=\"https:\/\/play.google.com\/store\/apps\/details?id=com.app.gradadigital\" target=\"_blank\"><img loading=\"lazy\" decoding=\"async\" class=\"alignnone size-full wp-image-15415\" src=\"http:\/\/gradadigital.com\/home\/wp-content\/uploads\/2014\/10\/banner_aplicacion_V2_GRADADIGITAL_17102014.jpg\" alt=\"banner_aplicacion_V2_GRADADIGITAL_17102014\" width=\"620\" height=\"100\" srcset=\"http:\/\/gradadigital.com\/home\/wp-content\/uploads\/2014\/10\/banner_aplicacion_V2_GRADADIGITAL_17102014.jpg 620w, http:\/\/gradadigital.com\/home\/wp-content\/uploads\/2014\/10\/banner_aplicacion_V2_GRADADIGITAL_17102014-300x48.jpg 300w\" sizes=\"auto, (max-width: 620px) 100vw, 620px\" \/><\/a><\/p>\n","protected":false},"excerpt":{"rendered":"<p>Miguel Vallenilla &#8211; La afici\u00f3n capitalina presenci\u00f3 lo que fue el debut de Fabi\u00e1n Bordagaray con la camiseta \u201cRoja\u201d, jugador polivalente que Eduardo Sarag\u00f3 ha considerado como una contrataci\u00f3n para reforzar al equipo, analizando que los otros recientes fichajes son sustituciones por quienes se tuvieron que ir. Con un curr\u00edculum m\u00e1s que importante, Bordagaray no &#8230;<\/p>\n","protected":false},"author":4,"featured_media":17511,"comment_status":"closed","ping_status":"closed","sticky":false,"template":"","format":"standard","meta":{"footnotes":""},"categories":[752,9,5,31],"tags":[],"class_list":["post-17510","post","type-post","status-publish","format-standard","has-post-thumbnail","hentry","category-appgd","category-caracas-fc","category-futbol-nacional","category-primera-division"],"_links":{"self":[{"href":"http:\/\/gradadigital.com\/home\/wp-json\/wp\/v2\/posts\/17510","targetHints":{"allow":["GET"]}}],"collection":[{"href":"http:\/\/gradadigital.com\/home\/wp-json\/wp\/v2\/posts"}],"about":[{"href":"http:\/\/gradadigital.com\/home\/wp-json\/wp\/v2\/types\/post"}],"author":[{"embeddable":true,"href":"http:\/\/gradadigital.com\/home\/wp-json\/wp\/v2\/users\/4"}],"replies":[{"embeddable":true,"href":"http:\/\/gradadigital.com\/home\/wp-json\/wp\/v2\/comments?post=17510"}],"version-history":[{"count":1,"href":"http:\/\/gradadigital.com\/home\/wp-json\/wp\/v2\/posts\/17510\/revisions"}],"predecessor-version":[{"id":17512,"href":"http:\/\/gradadigital.com\/home\/wp-json\/wp\/v2\/posts\/17510\/revisions\/17512"}],"wp:featuredmedia":[{"embeddable":true,"href":"http:\/\/gradadigital.com\/home\/wp-json\/wp\/v2\/media\/17511"}],"wp:attachment":[{"href":"http:\/\/gradadigital.com\/home\/wp-json\/wp\/v2\/media?parent=17510"}],"wp:term":[{"taxonomy":"category","embeddable":true,"href":"http:\/\/gradadigital.com\/home\/wp-json\/wp\/v2\/categories?post=17510"},{"taxonomy":"post_tag","embeddable":true,"href":"http:\/\/gradadigital.com\/home\/wp-json\/wp\/v2\/tags?post=17510"}],"curies":[{"name":"wp","href":"https:\/\/api.w.org\/{rel}","templated":true}]}}