{"id":17414,"date":"2015-01-22T18:17:12","date_gmt":"2015-01-22T22:47:12","guid":{"rendered":"http:\/\/gradadigital.com\/home\/?p=17414"},"modified":"2015-01-22T18:17:12","modified_gmt":"2015-01-22T22:47:12","slug":"nuevos-puntos-de-distribucion-de-entradas-para-apoyar-al-aurinegro-en-la-libertadores","status":"publish","type":"post","link":"http:\/\/gradadigital.com\/home\/nuevos-puntos-de-distribucion-de-entradas-para-apoyar-al-aurinegro-en-la-libertadores\/","title":{"rendered":"Nuevos puntos de distribuci\u00f3n de entradas para apoyar al \u00abAurinegro\u00bb en la Libertadores"},"content":{"rendered":"<p style=\"text-align: center;\"><img loading=\"lazy\" decoding=\"async\" class=\"alignnone size-full wp-image-11651\" src=\"http:\/\/gradadigital.com\/home\/wp-content\/uploads\/2014\/05\/aficionada_tachira_aragua_tachira_03112012_3.jpg\" alt=\"aficionada_tachira_aragua_tachira_03112012_3\" width=\"596\" height=\"346\" srcset=\"http:\/\/gradadigital.com\/home\/wp-content\/uploads\/2014\/05\/aficionada_tachira_aragua_tachira_03112012_3.jpg 596w, http:\/\/gradadigital.com\/home\/wp-content\/uploads\/2014\/05\/aficionada_tachira_aragua_tachira_03112012_3-300x174.jpg 300w\" sizes=\"auto, (max-width: 596px) 100vw, 596px\" \/><\/p>\n<p style=\"text-align: center;\"><img loading=\"lazy\" decoding=\"async\" class=\"alignnone size-full wp-image-16349\" src=\"http:\/\/gradadigital.com\/home\/wp-content\/uploads\/2014\/12\/banner_opcion_comentarios_gd.jpg\" alt=\"banner_opcion_comentarios_gd\" width=\"621\" height=\"41\" srcset=\"http:\/\/gradadigital.com\/home\/wp-content\/uploads\/2014\/12\/banner_opcion_comentarios_gd.jpg 621w, http:\/\/gradadigital.com\/home\/wp-content\/uploads\/2014\/12\/banner_opcion_comentarios_gd-300x19.jpg 300w, http:\/\/gradadigital.com\/home\/wp-content\/uploads\/2014\/12\/banner_opcion_comentarios_gd-620x41.jpg 620w\" sizes=\"auto, (max-width: 621px) 100vw, 621px\" \/><\/p>\n<p style=\"text-align: justify;\"><strong>Pedro Capacho \/ Prensa Deportivo T\u00e1chira\u00a0&#8211;<\/strong> El m\u00e1ximo certamen futbol\u00edstico del continente ya se mira de cerca en el horizonte del Deportivo T\u00e1chira F.C. La Copa Bridgestone Libertadores 2015 iniciar\u00e1 para el Carrusel Aurinegro el mi\u00e9rcoles 04 de febrero, recibiendo en el Templo Sagrado del f\u00fatbol a Cerro Porte\u00f1o, a las 9:45 de la noche.<\/p>\n<p style=\"text-align: justify;\">El retorno del siete veces campe\u00f3n de Venezuela a la cita internacional, ha sido respaldado fielmente por la parcialidad tachirense, hecho evidenciado en la masiva adquisici\u00f3n de entradas, en esta \u00faltima semana de preventa.<\/p>\n<p style=\"text-align: justify;\">Por tal motivo, la directiva atigrada y la log\u00edstica en distribuci\u00f3n de boleter\u00eda, pensando en la comodidad de compra para la\u00a0 colectividad sancristobalense, habilita desde este viernes 23 de enero nuevos puntos de venta distribuidos en la ciudad de la cordialidad.<\/p>\n<p style=\"text-align: justify;\">Las taquillas del Estadio Polideportivo de Pueblo Nuevo, Tiendas Play Off de Barrio Obrero y\u00a0 Le Retocherie de Manuela en el Centro de compras Baratta, son los nuevos puntos designados para adquirir el boleto que les permita acompa\u00f1ar al escudo siete estrellas en la fiesta de la Copa Libertadores.<\/p>\n<p style=\"text-align: justify;\">La promoci\u00f3n para los fieles Abonados Aurinegros sigue vigente, siendo el Bowling Extreme Center el lugar para la compra de la entrada a mitad de precio, para la misma localidad que estipule el carnet.<\/p>\n<p style=\"text-align: justify;\">Las entradas para el duelo entre el Deportivo T\u00e1chira F.C. y el elenco paraguayo, tienen un valor de: 100 Bol\u00edvares para la Tribuna Popular Norte, 150 Bol\u00edvares para la Tribuna Popular Sur, 200 Bol\u00edvares la Tribuna Popular Central, 300 Bol\u00edvares la Tribuna Principal Superior y 400 Bol\u00edvares la Tribuna Principal Inferior.<\/p>\n<p style=\"text-align: justify;\">El presente dentro del torneo criollo juega a favor del Deportivo T\u00e1chira F.C., situaci\u00f3n que buscar\u00e1n aprovechar en el duelo de ida de la Primera Fase ante la escuadra guaran\u00ed, intentando imponerse en su bunker, para sellar la llave positivamente una semana despu\u00e9s, en el Estadio General Pablo Rojas \u201cLa Olla\u201d.<\/p>\n<p style=\"text-align: justify;\"><strong>Puntos de venta (\u00daltima semana de preventa)<\/strong><\/p>\n<p style=\"text-align: justify;\"><strong>Bowling Extreme Center<\/strong><\/p>\n<p style=\"text-align: justify;\">C.C Sambil \u2013 11:00am a 7:00pm (Horario corrido).<\/p>\n<p style=\"text-align: justify;\"><strong>Taquillas del Estadio Polideportivo de Pueblo Nuevo.<\/strong><\/p>\n<p style=\"text-align: justify;\">Complejo ferial de Pueblo Nuevo &#8211; 10:00am a 5:00pm (Horario corrido)<\/p>\n<p style=\"text-align: justify;\"><strong>Tiendas Play Off.<\/strong><\/p>\n<p style=\"text-align: justify;\">Barrio Obrero &#8211; 8:00am a 12:00m \/ 2:00pm a 6:00pm<\/p>\n<p style=\"text-align: justify;\"><strong>Le Retocherie de Manuela.<\/strong><\/p>\n<p style=\"text-align: justify;\">Centro de compras Baratta &#8211; 9:00am a 12:00m \/ 2:00pm a 7:00pm<\/p>\n<p style=\"text-align: justify;\"><strong><a href=\"http:\/\/www.megaboletos.com\/\">www.megaboletos.com<\/a><\/strong><\/p>\n<p style=\"text-align: center;\"><a href=\"https:\/\/play.google.com\/store\/apps\/details?id=com.app.gradadigital\" target=\"_blank\"><img loading=\"lazy\" decoding=\"async\" class=\"alignnone size-full wp-image-15415\" src=\"http:\/\/gradadigital.com\/home\/wp-content\/uploads\/2014\/10\/banner_aplicacion_V2_GRADADIGITAL_17102014.jpg\" alt=\"banner_aplicacion_V2_GRADADIGITAL_17102014\" width=\"620\" height=\"100\" srcset=\"http:\/\/gradadigital.com\/home\/wp-content\/uploads\/2014\/10\/banner_aplicacion_V2_GRADADIGITAL_17102014.jpg 620w, http:\/\/gradadigital.com\/home\/wp-content\/uploads\/2014\/10\/banner_aplicacion_V2_GRADADIGITAL_17102014-300x48.jpg 300w\" sizes=\"auto, (max-width: 620px) 100vw, 620px\" \/><\/a><\/p>\n","protected":false},"excerpt":{"rendered":"<p>Pedro Capacho \/ Prensa Deportivo T\u00e1chira\u00a0&#8211; El m\u00e1ximo certamen futbol\u00edstico del continente ya se mira de cerca en el horizonte del Deportivo T\u00e1chira F.C. La Copa Bridgestone Libertadores 2015 iniciar\u00e1 para el Carrusel Aurinegro el mi\u00e9rcoles 04 de febrero, recibiendo en el Templo Sagrado del f\u00fatbol a Cerro Porte\u00f1o, a las 9:45 de la noche. &#8230;<\/p>\n","protected":false},"author":4,"featured_media":11651,"comment_status":"closed","ping_status":"closed","sticky":false,"template":"","format":"standard","meta":{"footnotes":""},"categories":[752,37,11,36],"tags":[],"class_list":["post-17414","post","type-post","status-publish","format-standard","has-post-thumbnail","hentry","category-appgd","category-copa-libertadores","category-deportivo-tachira","category-internacional"],"_links":{"self":[{"href":"http:\/\/gradadigital.com\/home\/wp-json\/wp\/v2\/posts\/17414","targetHints":{"allow":["GET"]}}],"collection":[{"href":"http:\/\/gradadigital.com\/home\/wp-json\/wp\/v2\/posts"}],"about":[{"href":"http:\/\/gradadigital.com\/home\/wp-json\/wp\/v2\/types\/post"}],"author":[{"embeddable":true,"href":"http:\/\/gradadigital.com\/home\/wp-json\/wp\/v2\/users\/4"}],"replies":[{"embeddable":true,"href":"http:\/\/gradadigital.com\/home\/wp-json\/wp\/v2\/comments?post=17414"}],"version-history":[{"count":1,"href":"http:\/\/gradadigital.com\/home\/wp-json\/wp\/v2\/posts\/17414\/revisions"}],"predecessor-version":[{"id":17415,"href":"http:\/\/gradadigital.com\/home\/wp-json\/wp\/v2\/posts\/17414\/revisions\/17415"}],"wp:featuredmedia":[{"embeddable":true,"href":"http:\/\/gradadigital.com\/home\/wp-json\/wp\/v2\/media\/11651"}],"wp:attachment":[{"href":"http:\/\/gradadigital.com\/home\/wp-json\/wp\/v2\/media?parent=17414"}],"wp:term":[{"taxonomy":"category","embeddable":true,"href":"http:\/\/gradadigital.com\/home\/wp-json\/wp\/v2\/categories?post=17414"},{"taxonomy":"post_tag","embeddable":true,"href":"http:\/\/gradadigital.com\/home\/wp-json\/wp\/v2\/tags?post=17414"}],"curies":[{"name":"wp","href":"https:\/\/api.w.org\/{rel}","templated":true}]}}