{"id":17393,"date":"2015-01-22T10:05:22","date_gmt":"2015-01-22T14:35:22","guid":{"rendered":"http:\/\/gradadigital.com\/home\/?p=17393"},"modified":"2015-01-22T10:19:11","modified_gmt":"2015-01-22T14:49:11","slug":"sin-aficion-aurinegra-el-jose-antonio-paez-abre-nuevamente-sus-puertas","status":"publish","type":"post","link":"http:\/\/gradadigital.com\/home\/sin-aficion-aurinegra-el-jose-antonio-paez-abre-nuevamente-sus-puertas\/","title":{"rendered":"Sin afici\u00f3n aurinegra, el Jos\u00e9 Antonio P\u00e1ez abre nuevamente sus puertas"},"content":{"rendered":"<p style=\"text-align: center;\"><img loading=\"lazy\" decoding=\"async\" class=\"alignnone size-full wp-image-17394\" src=\"http:\/\/gradadigital.com\/home\/wp-content\/uploads\/2015\/01\/estadio_jose_antonio_paez_araure_portuguesa_22012015.jpg\" alt=\"estadio_jose_antonio_paez_araure_portuguesa_22012015\" width=\"682\" height=\"396\" srcset=\"http:\/\/gradadigital.com\/home\/wp-content\/uploads\/2015\/01\/estadio_jose_antonio_paez_araure_portuguesa_22012015.jpg 682w, http:\/\/gradadigital.com\/home\/wp-content\/uploads\/2015\/01\/estadio_jose_antonio_paez_araure_portuguesa_22012015-300x174.jpg 300w\" sizes=\"auto, (max-width: 682px) 100vw, 682px\" \/><\/p>\n<p style=\"text-align: center;\"><img loading=\"lazy\" decoding=\"async\" class=\"alignnone size-full wp-image-16349\" src=\"http:\/\/gradadigital.com\/home\/wp-content\/uploads\/2014\/12\/banner_opcion_comentarios_gd.jpg\" alt=\"banner_opcion_comentarios_gd\" width=\"621\" height=\"41\" srcset=\"http:\/\/gradadigital.com\/home\/wp-content\/uploads\/2014\/12\/banner_opcion_comentarios_gd.jpg 621w, http:\/\/gradadigital.com\/home\/wp-content\/uploads\/2014\/12\/banner_opcion_comentarios_gd-300x19.jpg 300w, http:\/\/gradadigital.com\/home\/wp-content\/uploads\/2014\/12\/banner_opcion_comentarios_gd-620x41.jpg 620w\" sizes=\"auto, (max-width: 621px) 100vw, 621px\" \/><\/p>\n<p style=\"text-align: justify;\"><strong>Prensa Portuguesa FC &#8211;\u00a0<\/strong>El Portuguesa FC anuncia que el Consejo de Honor de la FVF <strong>levant\u00f3 la sanci\u00f3n del estadio Jos\u00e9 Antonio P\u00e1ez, y desde este domingo 25 de enero, podr\u00e1 regresar la afici\u00f3n<\/strong> y p\u00fablico al M\u00edtico a apoyar al equipo cinco estrellas, en todos sus partidos de local.<\/p>\n<p style=\"text-align: justify;\">Asimismo, <strong>la directiva rojinegra manifiesta que se reservar\u00e1 el DERECHO DE ADMISI\u00d3N para el compromiso del domingo, ante Deportivo T\u00e1chira; donde no permitir\u00e1 el acceso a hinchas, barras y seguidores del equipo aurinegro<\/strong>.<\/p>\n<p style=\"text-align: justify;\">El \u00a0gerente general Elio Quintal, afirm\u00f3 que la directiva de T\u00e1chira, representado por su gerente deportivo, Javier Minniti, ya tiene conocimiento de la medida que tomar\u00e1 el Portuguesa FC para el compromiso del 25 de enero del 2015, que se disputar\u00e1 a las 3:00pm.<\/p>\n<p style=\"text-align: justify;\">La directiva invita a los aficionado rojinegros\u00a0 y todo el \u00a0p\u00fablico portuguese\u00f1o al encuentro, est\u00e1 garantizada la seguridad y el resguardo policial en las instalaciones del Jos\u00e9 Antonio P\u00e1ez.<\/p>\n<p style=\"text-align: center;\"><a href=\"https:\/\/play.google.com\/store\/apps\/details?id=com.app.gradadigital\" target=\"_blank\"><img loading=\"lazy\" decoding=\"async\" class=\"alignnone size-full wp-image-15415\" src=\"http:\/\/gradadigital.com\/home\/wp-content\/uploads\/2014\/10\/banner_aplicacion_V2_GRADADIGITAL_17102014.jpg\" alt=\"banner_aplicacion_V2_GRADADIGITAL_17102014\" width=\"620\" height=\"100\" srcset=\"http:\/\/gradadigital.com\/home\/wp-content\/uploads\/2014\/10\/banner_aplicacion_V2_GRADADIGITAL_17102014.jpg 620w, http:\/\/gradadigital.com\/home\/wp-content\/uploads\/2014\/10\/banner_aplicacion_V2_GRADADIGITAL_17102014-300x48.jpg 300w\" sizes=\"auto, (max-width: 620px) 100vw, 620px\" \/><\/a><\/p>\n","protected":false},"excerpt":{"rendered":"<p>Prensa Portuguesa FC &#8211;\u00a0El Portuguesa FC anuncia que el Consejo de Honor de la FVF levant\u00f3 la sanci\u00f3n del estadio Jos\u00e9 Antonio P\u00e1ez, y desde este domingo 25 de enero, podr\u00e1 regresar la afici\u00f3n y p\u00fablico al M\u00edtico a apoyar al equipo cinco estrellas, en todos sus partidos de local. Asimismo, la directiva rojinegra manifiesta &#8230;<\/p>\n","protected":false},"author":4,"featured_media":17394,"comment_status":"closed","ping_status":"closed","sticky":false,"template":"","format":"standard","meta":{"footnotes":""},"categories":[752,11,5,17,31],"tags":[],"class_list":["post-17393","post","type-post","status-publish","format-standard","has-post-thumbnail","hentry","category-appgd","category-deportivo-tachira","category-futbol-nacional","category-portuguesa-fc","category-primera-division"],"_links":{"self":[{"href":"http:\/\/gradadigital.com\/home\/wp-json\/wp\/v2\/posts\/17393","targetHints":{"allow":["GET"]}}],"collection":[{"href":"http:\/\/gradadigital.com\/home\/wp-json\/wp\/v2\/posts"}],"about":[{"href":"http:\/\/gradadigital.com\/home\/wp-json\/wp\/v2\/types\/post"}],"author":[{"embeddable":true,"href":"http:\/\/gradadigital.com\/home\/wp-json\/wp\/v2\/users\/4"}],"replies":[{"embeddable":true,"href":"http:\/\/gradadigital.com\/home\/wp-json\/wp\/v2\/comments?post=17393"}],"version-history":[{"count":3,"href":"http:\/\/gradadigital.com\/home\/wp-json\/wp\/v2\/posts\/17393\/revisions"}],"predecessor-version":[{"id":17397,"href":"http:\/\/gradadigital.com\/home\/wp-json\/wp\/v2\/posts\/17393\/revisions\/17397"}],"wp:featuredmedia":[{"embeddable":true,"href":"http:\/\/gradadigital.com\/home\/wp-json\/wp\/v2\/media\/17394"}],"wp:attachment":[{"href":"http:\/\/gradadigital.com\/home\/wp-json\/wp\/v2\/media?parent=17393"}],"wp:term":[{"taxonomy":"category","embeddable":true,"href":"http:\/\/gradadigital.com\/home\/wp-json\/wp\/v2\/categories?post=17393"},{"taxonomy":"post_tag","embeddable":true,"href":"http:\/\/gradadigital.com\/home\/wp-json\/wp\/v2\/tags?post=17393"}],"curies":[{"name":"wp","href":"https:\/\/api.w.org\/{rel}","templated":true}]}}