{"id":17345,"date":"2015-01-21T13:53:33","date_gmt":"2015-01-21T18:23:33","guid":{"rendered":"http:\/\/gradadigital.com\/home\/?p=17345"},"modified":"2015-01-21T14:03:09","modified_gmt":"2015-01-21T18:33:09","slug":"el-buen-momento-de-los-delanteros-del-caracas","status":"publish","type":"post","link":"http:\/\/gradadigital.com\/home\/el-buen-momento-de-los-delanteros-del-caracas\/","title":{"rendered":"El buen momento de los delanteros del Caracas"},"content":{"rendered":"<p style=\"text-align: center;\"><img loading=\"lazy\" decoding=\"async\" class=\"alignnone size-full wp-image-17346\" src=\"http:\/\/gradadigital.com\/home\/wp-content\/uploads\/2015\/01\/edder_farias_caracas_trujillanos_18052015.jpg\" alt=\"edder_farias_caracas_trujillanos_18052015\" width=\"682\" height=\"396\" srcset=\"http:\/\/gradadigital.com\/home\/wp-content\/uploads\/2015\/01\/edder_farias_caracas_trujillanos_18052015.jpg 682w, http:\/\/gradadigital.com\/home\/wp-content\/uploads\/2015\/01\/edder_farias_caracas_trujillanos_18052015-300x174.jpg 300w\" sizes=\"auto, (max-width: 682px) 100vw, 682px\" \/><\/p>\n<p style=\"text-align: center;\"><img loading=\"lazy\" decoding=\"async\" class=\"alignnone size-full wp-image-16349\" src=\"http:\/\/gradadigital.com\/home\/wp-content\/uploads\/2014\/12\/banner_opcion_comentarios_gd.jpg\" alt=\"banner_opcion_comentarios_gd\" width=\"621\" height=\"41\" srcset=\"http:\/\/gradadigital.com\/home\/wp-content\/uploads\/2014\/12\/banner_opcion_comentarios_gd.jpg 621w, http:\/\/gradadigital.com\/home\/wp-content\/uploads\/2014\/12\/banner_opcion_comentarios_gd-300x19.jpg 300w, http:\/\/gradadigital.com\/home\/wp-content\/uploads\/2014\/12\/banner_opcion_comentarios_gd-620x41.jpg 620w\" sizes=\"auto, (max-width: 621px) 100vw, 621px\" \/><\/p>\n<p style=\"text-align: justify;\"><strong>Prensa CFC &#8211;<\/strong> Caracas FC comenz\u00f3 su camino por el Clausura con dos victorias y, con ello, estir\u00f3 a seis su cadena de partidos invicto en primera divisi\u00f3n. La racha del elenco avile\u00f1o coincidi\u00f3 justamente con el buen momento que atraviesan sus atacantes, y es que en los \u00faltimos cuatro partidos la delantera ha aportado siete tantos.<\/p>\n<p style=\"text-align: justify;\"><strong>\u201cVenimos trabajando muy duro todos los d\u00edas. Anotamos contra Portuguesa, T\u00e1chira, Estudiantes y Trujillanos; y eso se debe al trabajo de la semana, a que siempre nos tomamos 10 minutos luego de los entrenamientos para practicar nuestra definici\u00f3n\u201d,<\/strong> indic\u00f3 el juvenil Jhonder C\u00e1diz.<\/p>\n<p style=\"text-align: justify;\">El ariete caraque\u00f1o ha construido una buena sociedad con Edder Far\u00edas, y explic\u00f3 que el gran presente que atraviesa la dupla ofensiva tambi\u00e9n se debe a su amistad fuera del terreno.<strong> \u201cDentro y fuera del campo somos muy unidos. Incluso en las concentraciones estamos juntos en las habitaciones y conversamos mucho sobre el juego. Es una relaci\u00f3n muy amena\u201d<\/strong>, apunt\u00f3.<\/p>\n<p style=\"text-align: justify;\">Este s\u00e1bado, Caracas subir\u00e1 el tel\u00f3n de la tercera jornada del torneo, cuando enfrente en el Br\u00edgido Iriarte a Metropolitanos, equipo ante el que C\u00e1diz espera que se prolongue la racha positiva del conjunto rojo.<\/p>\n<p style=\"text-align: justify;\"><strong>\u201cSi no sumamos los tres puntos, no va a servir de nada los dos triunfos que llevamos. La idea es salir a ganar para llegar a nueve puntos y, como somos los primeros en jugar, poder ver el domingo el resto de la jornada en el primer lugar de la tabla\u201d<\/strong>, concluy\u00f3 el espigado artillero.<\/p>\n<p style=\"text-align: center;\"><a href=\"https:\/\/play.google.com\/store\/apps\/details?id=com.app.gradadigital\" target=\"_blank\"><img loading=\"lazy\" decoding=\"async\" class=\"alignnone size-full wp-image-15415\" src=\"http:\/\/gradadigital.com\/home\/wp-content\/uploads\/2014\/10\/banner_aplicacion_V2_GRADADIGITAL_17102014.jpg\" alt=\"banner_aplicacion_V2_GRADADIGITAL_17102014\" width=\"620\" height=\"100\" srcset=\"http:\/\/gradadigital.com\/home\/wp-content\/uploads\/2014\/10\/banner_aplicacion_V2_GRADADIGITAL_17102014.jpg 620w, http:\/\/gradadigital.com\/home\/wp-content\/uploads\/2014\/10\/banner_aplicacion_V2_GRADADIGITAL_17102014-300x48.jpg 300w\" sizes=\"auto, (max-width: 620px) 100vw, 620px\" \/><\/a><\/p>\n","protected":false},"excerpt":{"rendered":"<p>Prensa CFC &#8211; Caracas FC comenz\u00f3 su camino por el Clausura con dos victorias y, con ello, estir\u00f3 a seis su cadena de partidos invicto en primera divisi\u00f3n. La racha del elenco avile\u00f1o coincidi\u00f3 justamente con el buen momento que atraviesan sus atacantes, y es que en los \u00faltimos cuatro partidos la delantera ha aportado &#8230;<\/p>\n","protected":false},"author":4,"featured_media":17346,"comment_status":"closed","ping_status":"closed","sticky":false,"template":"","format":"standard","meta":{"footnotes":""},"categories":[752,9,5,31],"tags":[],"class_list":["post-17345","post","type-post","status-publish","format-standard","has-post-thumbnail","hentry","category-appgd","category-caracas-fc","category-futbol-nacional","category-primera-division"],"_links":{"self":[{"href":"http:\/\/gradadigital.com\/home\/wp-json\/wp\/v2\/posts\/17345","targetHints":{"allow":["GET"]}}],"collection":[{"href":"http:\/\/gradadigital.com\/home\/wp-json\/wp\/v2\/posts"}],"about":[{"href":"http:\/\/gradadigital.com\/home\/wp-json\/wp\/v2\/types\/post"}],"author":[{"embeddable":true,"href":"http:\/\/gradadigital.com\/home\/wp-json\/wp\/v2\/users\/4"}],"replies":[{"embeddable":true,"href":"http:\/\/gradadigital.com\/home\/wp-json\/wp\/v2\/comments?post=17345"}],"version-history":[{"count":2,"href":"http:\/\/gradadigital.com\/home\/wp-json\/wp\/v2\/posts\/17345\/revisions"}],"predecessor-version":[{"id":17348,"href":"http:\/\/gradadigital.com\/home\/wp-json\/wp\/v2\/posts\/17345\/revisions\/17348"}],"wp:featuredmedia":[{"embeddable":true,"href":"http:\/\/gradadigital.com\/home\/wp-json\/wp\/v2\/media\/17346"}],"wp:attachment":[{"href":"http:\/\/gradadigital.com\/home\/wp-json\/wp\/v2\/media?parent=17345"}],"wp:term":[{"taxonomy":"category","embeddable":true,"href":"http:\/\/gradadigital.com\/home\/wp-json\/wp\/v2\/categories?post=17345"},{"taxonomy":"post_tag","embeddable":true,"href":"http:\/\/gradadigital.com\/home\/wp-json\/wp\/v2\/tags?post=17345"}],"curies":[{"name":"wp","href":"https:\/\/api.w.org\/{rel}","templated":true}]}}