{"id":17330,"date":"2015-01-21T11:58:56","date_gmt":"2015-01-21T16:28:56","guid":{"rendered":"http:\/\/gradadigital.com\/home\/?p=17330"},"modified":"2015-01-21T11:58:56","modified_gmt":"2015-01-21T16:28:56","slug":"alejandro-gonzalez-regreso-al-caracas-mi-paso-por-europa-fue-muy-importante","status":"publish","type":"post","link":"http:\/\/gradadigital.com\/home\/alejandro-gonzalez-regreso-al-caracas-mi-paso-por-europa-fue-muy-importante\/","title":{"rendered":"Alejandro Gonz\u00e1lez regres\u00f3 al Caracas: \u00abMi paso por Europa fue muy importante\u00bb"},"content":{"rendered":"<p style=\"text-align: center;\"><img loading=\"lazy\" decoding=\"async\" class=\"alignnone size-full wp-image-17331\" src=\"http:\/\/gradadigital.com\/home\/wp-content\/uploads\/2015\/01\/alejandro_gonzalez_caracas_21012015.jpg\" alt=\"alejandro_gonzalez_caracas_21012015\" width=\"682\" height=\"396\" srcset=\"http:\/\/gradadigital.com\/home\/wp-content\/uploads\/2015\/01\/alejandro_gonzalez_caracas_21012015.jpg 682w, http:\/\/gradadigital.com\/home\/wp-content\/uploads\/2015\/01\/alejandro_gonzalez_caracas_21012015-300x174.jpg 300w\" sizes=\"auto, (max-width: 682px) 100vw, 682px\" \/><\/p>\n<p style=\"text-align: center;\"><img loading=\"lazy\" decoding=\"async\" class=\"alignnone size-full wp-image-16349\" src=\"http:\/\/gradadigital.com\/home\/wp-content\/uploads\/2014\/12\/banner_opcion_comentarios_gd.jpg\" alt=\"banner_opcion_comentarios_gd\" width=\"621\" height=\"41\" srcset=\"http:\/\/gradadigital.com\/home\/wp-content\/uploads\/2014\/12\/banner_opcion_comentarios_gd.jpg 621w, http:\/\/gradadigital.com\/home\/wp-content\/uploads\/2014\/12\/banner_opcion_comentarios_gd-300x19.jpg 300w, http:\/\/gradadigital.com\/home\/wp-content\/uploads\/2014\/12\/banner_opcion_comentarios_gd-620x41.jpg 620w\" sizes=\"auto, (max-width: 621px) 100vw, 621px\" \/><\/p>\n<p style=\"text-align: justify;\"><strong>PRENSA CFC.-\u00a0<\/strong>El jugador caraque\u00f1o Alejandro Eloy Gonz\u00e1lez Reyes firm\u00f3 este lunes un contrato que lo vincular\u00e1 al Caracas F\u00fatbol Club hasta el 31 de diciembre de 2015, confirmando as\u00ed su regreso al equipo que lo form\u00f3 como jugador antes de su salto a Europa.<\/p>\n<p style=\"text-align: justify;\">Gonz\u00e1lez, desde muy peque\u00f1o, estuvo en la escuela del Caracas FC \u00a0-categor\u00eda infantil- y luego se consolid\u00f3 tanto en la sub17 que dirig\u00eda en aquel entonces Daniel Nikolac, como en la sub20 que estaba al mando de John Giraldo. Sus buenas actuaciones le abrieron la puerta, en aquel 2009, al exterior.<\/p>\n<p style=\"text-align: justify;\">Del Caracas FC lleg\u00f3 al Deportivo La Coru\u00f1a, en Espa\u00f1a, donde estuvo por espacio de dos a\u00f1os. Ah\u00ed creci\u00f3 como futbolista y persona, puliendo detalles que lo har\u00edan recalcar m\u00e1s tarde en Portugal, espec\u00edficamente en el equipo Pedras Salgadas, donde estuvo marcando goles aproximadamente tres a\u00f1os.<\/p>\n<p style=\"text-align: justify;\">Hoy, la realidad ubica al delantero nuevamente en la Cota 905, el club que \u00e9l mismo reconoce como su casa. <strong>\u201cMi paso por Europa fue muy importante porque me ayud\u00f3 a crecer en todos los aspectos. All\u00e1 pude demostrar todo lo que aprend\u00ed en el Caracas y perfeccion\u00e9 otras cualidades. Ahora que me toca regresar y estoy muy emocionado de poder aportar nuevamente a este equipo\u201d<\/strong>, declar\u00f3.<\/p>\n<p style=\"text-align: justify;\">Alejandro pudo vivir una experiencia que pocos jugadores en Venezuela, a su edad, han tenido la oportunidad. Eso le permite poder diferenciar entre dos maneras de ver este deporte. <strong>\u201cSon distintas formas de ver y jugar al f\u00fatbol. En Europa te piden ser un jugador m\u00e1s 9 de \u00e1rea, que vaya al choque, y aqu\u00ed puedes encontrar delanteros polivalentes y habilidosos que pueden jugar como extremos, todo depende del equipo donde est\u00e9s\u201d<\/strong>, enfatiz\u00f3.<\/p>\n<p style=\"text-align: justify;\"><strong>\u201cMi meta a corto plazo, como jugador ambicioso que soy, es destacar en la filial para ganarme lo m\u00e1s pronto posible un lugar en el primer equipo y ser dirigido por un t\u00e9cnico de su calidad\u201d<\/strong>, concluy\u00f3 el joven artillero, quien a partir de esta misma semana se encontrar\u00e1 a disposici\u00f3n de Leopoldo P\u00e1ez Pumar en el Caracas B.<\/p>\n<p style=\"text-align: justify;\"><strong>FICHA T\u00c9CNICA:<\/strong><\/p>\n<p style=\"text-align: justify;\"><strong>Nombre:<\/strong> Alejandro Eloy Gonz\u00e1lez Reyes<\/p>\n<p style=\"text-align: justify;\"><strong>Lugar de nacimiento:<\/strong> Caracas<\/p>\n<p style=\"text-align: justify;\"><strong>Fecha de nacimiento:<\/strong> 09\/07\/1994 (20 a\u00f1os)<\/p>\n<p style=\"text-align: justify;\"><strong>Peso y estatura:<\/strong> 80 kg y 183 cm<\/p>\n<p style=\"text-align: justify;\"><strong>Posici\u00f3n:<\/strong> Delantero<\/p>\n<p style=\"text-align: justify;\"><strong>\u00daltimo equipo:<\/strong> Pedras Salgadas, (Portugal)<\/p>\n<p style=\"text-align: center;\"><a href=\"https:\/\/play.google.com\/store\/apps\/details?id=com.app.gradadigital\" target=\"_blank\"><img loading=\"lazy\" decoding=\"async\" class=\"alignnone size-full wp-image-15415\" src=\"http:\/\/gradadigital.com\/home\/wp-content\/uploads\/2014\/10\/banner_aplicacion_V2_GRADADIGITAL_17102014.jpg\" alt=\"banner_aplicacion_V2_GRADADIGITAL_17102014\" width=\"620\" height=\"100\" srcset=\"http:\/\/gradadigital.com\/home\/wp-content\/uploads\/2014\/10\/banner_aplicacion_V2_GRADADIGITAL_17102014.jpg 620w, http:\/\/gradadigital.com\/home\/wp-content\/uploads\/2014\/10\/banner_aplicacion_V2_GRADADIGITAL_17102014-300x48.jpg 300w\" sizes=\"auto, (max-width: 620px) 100vw, 620px\" \/><\/a><\/p>\n","protected":false},"excerpt":{"rendered":"<p>PRENSA CFC.-\u00a0El jugador caraque\u00f1o Alejandro Eloy Gonz\u00e1lez Reyes firm\u00f3 este lunes un contrato que lo vincular\u00e1 al Caracas F\u00fatbol Club hasta el 31 de diciembre de 2015, confirmando as\u00ed su regreso al equipo que lo form\u00f3 como jugador antes de su salto a Europa. Gonz\u00e1lez, desde muy peque\u00f1o, estuvo en la escuela del Caracas FC &#8230;<\/p>\n","protected":false},"author":4,"featured_media":17331,"comment_status":"closed","ping_status":"closed","sticky":false,"template":"","format":"standard","meta":{"footnotes":""},"categories":[752,9,5,31],"tags":[],"class_list":["post-17330","post","type-post","status-publish","format-standard","has-post-thumbnail","hentry","category-appgd","category-caracas-fc","category-futbol-nacional","category-primera-division"],"_links":{"self":[{"href":"http:\/\/gradadigital.com\/home\/wp-json\/wp\/v2\/posts\/17330","targetHints":{"allow":["GET"]}}],"collection":[{"href":"http:\/\/gradadigital.com\/home\/wp-json\/wp\/v2\/posts"}],"about":[{"href":"http:\/\/gradadigital.com\/home\/wp-json\/wp\/v2\/types\/post"}],"author":[{"embeddable":true,"href":"http:\/\/gradadigital.com\/home\/wp-json\/wp\/v2\/users\/4"}],"replies":[{"embeddable":true,"href":"http:\/\/gradadigital.com\/home\/wp-json\/wp\/v2\/comments?post=17330"}],"version-history":[{"count":1,"href":"http:\/\/gradadigital.com\/home\/wp-json\/wp\/v2\/posts\/17330\/revisions"}],"predecessor-version":[{"id":17332,"href":"http:\/\/gradadigital.com\/home\/wp-json\/wp\/v2\/posts\/17330\/revisions\/17332"}],"wp:featuredmedia":[{"embeddable":true,"href":"http:\/\/gradadigital.com\/home\/wp-json\/wp\/v2\/media\/17331"}],"wp:attachment":[{"href":"http:\/\/gradadigital.com\/home\/wp-json\/wp\/v2\/media?parent=17330"}],"wp:term":[{"taxonomy":"category","embeddable":true,"href":"http:\/\/gradadigital.com\/home\/wp-json\/wp\/v2\/categories?post=17330"},{"taxonomy":"post_tag","embeddable":true,"href":"http:\/\/gradadigital.com\/home\/wp-json\/wp\/v2\/tags?post=17330"}],"curies":[{"name":"wp","href":"https:\/\/api.w.org\/{rel}","templated":true}]}}