{"id":17279,"date":"2015-01-19T21:03:51","date_gmt":"2015-01-20T01:33:51","guid":{"rendered":"http:\/\/gradadigital.com\/home\/?p=17279"},"modified":"2015-01-19T21:03:51","modified_gmt":"2015-01-20T01:33:51","slug":"lucena-estamos-muy-bien-fisicamente-y-lo-demostraremos-partido-tras-partido","status":"publish","type":"post","link":"http:\/\/gradadigital.com\/home\/lucena-estamos-muy-bien-fisicamente-y-lo-demostraremos-partido-tras-partido\/","title":{"rendered":"Lucena: \u201cEstamos muy bien f\u00edsicamente y lo demostraremos partido tras partido\u201d"},"content":{"rendered":"<p style=\"text-align: center;\"><img loading=\"lazy\" decoding=\"async\" class=\"alignnone size-full wp-image-17194\" src=\"http:\/\/gradadigital.com\/home\/wp-content\/uploads\/2015\/01\/franklin_lucena_laguaira_lara_17012015_2.jpg\" alt=\"franklin_lucena_laguaira_lara_17012015_2\" width=\"682\" height=\"396\" srcset=\"http:\/\/gradadigital.com\/home\/wp-content\/uploads\/2015\/01\/franklin_lucena_laguaira_lara_17012015_2.jpg 682w, http:\/\/gradadigital.com\/home\/wp-content\/uploads\/2015\/01\/franklin_lucena_laguaira_lara_17012015_2-300x174.jpg 300w\" sizes=\"auto, (max-width: 682px) 100vw, 682px\" \/><\/p>\n<p style=\"text-align: center;\"><img loading=\"lazy\" decoding=\"async\" class=\"alignnone size-full wp-image-16349\" src=\"http:\/\/gradadigital.com\/home\/wp-content\/uploads\/2014\/12\/banner_opcion_comentarios_gd.jpg\" alt=\"banner_opcion_comentarios_gd\" width=\"621\" height=\"41\" srcset=\"http:\/\/gradadigital.com\/home\/wp-content\/uploads\/2014\/12\/banner_opcion_comentarios_gd.jpg 621w, http:\/\/gradadigital.com\/home\/wp-content\/uploads\/2014\/12\/banner_opcion_comentarios_gd-300x19.jpg 300w, http:\/\/gradadigital.com\/home\/wp-content\/uploads\/2014\/12\/banner_opcion_comentarios_gd-620x41.jpg 620w\" sizes=\"auto, (max-width: 621px) 100vw, 621px\" \/><\/p>\n<p style=\"text-align: justify;\"><strong>Jes\u00fas A. S\u00e1ez S. &#8211; Caracas.- <\/strong>Deportivo La Guaira sum\u00f3 su primera victoria en casa y sus protagonistas analizaron los 90 minutos disputados en el Ol\u00edmpico de la UCV.<\/p>\n<p style=\"text-align: justify;\">Uno de ellos fue Franklin Lucena quien se puso la capa de h\u00e9roe para remontar el partido y dejar a un lado al Deportivo Lara que comenz\u00f3 ganando.<\/p>\n<p style=\"text-align: justify;\"><strong>\u201cEs meritorio haberse llevado los tres puntos, a pesar de ir perdiendo nunca bajamos los brazos, siempre seguimos apretando al rival y logramos el objetivo, estoy muy contento con el grupo y con los tres puntos\u201d <\/strong>destac\u00f3 el volante guaire\u00f1o.<\/p>\n<p style=\"text-align: justify;\">\u201cPaky\u201d no es un jugador que anota goles consecutivamente, pero es una pieza clave que se hace presente en los momentos finales para definir el partido, y el s\u00e1bado pasado no fue la excepci\u00f3n. <strong>\u201cAgradecido con dios y con mis compa\u00f1eros por el apoyo, por el desgaste que hacemos. Ac\u00e1 no se trata de una figura, se trata del Deportivo La Guaira. Todos nos enfocamos en un objetivo, si es de revertir el error de alg\u00fan compa\u00f1ero lo hacemos a tiempo, no importa s\u00ed se juega bonito o feo,\u00a0 lo importante de todo es ganar\u201d.<\/strong><\/p>\n<p style=\"text-align: justify;\">A pesar de ir abajo en el marcador, el Deportivo La Guaira estudi\u00f3 bien a su rival y no cay\u00f3 en la desesperaci\u00f3n, estrategia que les sirvi\u00f3, y lo podr\u00e1n en pr\u00e1ctica seg\u00fan Lucena\u00a0 lo que queda de torneo.<\/p>\n<p style=\"text-align: justify;\"><strong>\u201cEn ning\u00fan momento sentimos preocupaci\u00f3n, m\u00e1s all\u00e1 que empezamos perdiendo 1-0, el equipo estuvo consciente del buen f\u00fatbol que se desarroll\u00f3 en el campo, del desgaste que pudimos haber tenido,\u00a0 pero estamos muy bien f\u00edsicamente y lo demostraremos partido a partido, el equipo est\u00e1 muy maduro en ese aspecto.\u201d<\/strong><\/p>\n<p style=\"text-align: justify;\">Lucena aprovech\u00f3 para brindar elogios a su compa\u00f1ero Renny Vega por la destacada actuaci\u00f3n durante el penal cobrado por el rojinegro Marl\u00f3n Fern\u00e1ndez <strong>\u201cDa una alegr\u00eda enorme que su rendimiento siga en alza. Nosotros siempre le hablamos, no entendemos\u00a0 porqu\u00e9 dijo lo de su retiro pero lo que s\u00ed sabemos es que ahora queda Renny para rato\u201d.<\/strong><\/p>\n<p style=\"text-align: center;\"><a href=\"https:\/\/play.google.com\/store\/apps\/details?id=com.app.gradadigital\" target=\"_blank\"><img loading=\"lazy\" decoding=\"async\" class=\"alignnone size-full wp-image-15415\" src=\"http:\/\/gradadigital.com\/home\/wp-content\/uploads\/2014\/10\/banner_aplicacion_V2_GRADADIGITAL_17102014.jpg\" alt=\"banner_aplicacion_V2_GRADADIGITAL_17102014\" width=\"620\" height=\"100\" srcset=\"http:\/\/gradadigital.com\/home\/wp-content\/uploads\/2014\/10\/banner_aplicacion_V2_GRADADIGITAL_17102014.jpg 620w, http:\/\/gradadigital.com\/home\/wp-content\/uploads\/2014\/10\/banner_aplicacion_V2_GRADADIGITAL_17102014-300x48.jpg 300w\" sizes=\"auto, (max-width: 620px) 100vw, 620px\" \/><\/a><\/p>\n","protected":false},"excerpt":{"rendered":"<p>Jes\u00fas A. S\u00e1ez S. &#8211; Caracas.- Deportivo La Guaira sum\u00f3 su primera victoria en casa y sus protagonistas analizaron los 90 minutos disputados en el Ol\u00edmpico de la UCV. Uno de ellos fue Franklin Lucena quien se puso la capa de h\u00e9roe para remontar el partido y dejar a un lado al Deportivo Lara que &#8230;<\/p>\n","protected":false},"author":4,"featured_media":17194,"comment_status":"closed","ping_status":"closed","sticky":false,"template":"","format":"standard","meta":{"footnotes":""},"categories":[752,18,5,31],"tags":[],"class_list":["post-17279","post","type-post","status-publish","format-standard","has-post-thumbnail","hentry","category-appgd","category-real-esppor","category-futbol-nacional","category-primera-division"],"_links":{"self":[{"href":"http:\/\/gradadigital.com\/home\/wp-json\/wp\/v2\/posts\/17279","targetHints":{"allow":["GET"]}}],"collection":[{"href":"http:\/\/gradadigital.com\/home\/wp-json\/wp\/v2\/posts"}],"about":[{"href":"http:\/\/gradadigital.com\/home\/wp-json\/wp\/v2\/types\/post"}],"author":[{"embeddable":true,"href":"http:\/\/gradadigital.com\/home\/wp-json\/wp\/v2\/users\/4"}],"replies":[{"embeddable":true,"href":"http:\/\/gradadigital.com\/home\/wp-json\/wp\/v2\/comments?post=17279"}],"version-history":[{"count":1,"href":"http:\/\/gradadigital.com\/home\/wp-json\/wp\/v2\/posts\/17279\/revisions"}],"predecessor-version":[{"id":17280,"href":"http:\/\/gradadigital.com\/home\/wp-json\/wp\/v2\/posts\/17279\/revisions\/17280"}],"wp:featuredmedia":[{"embeddable":true,"href":"http:\/\/gradadigital.com\/home\/wp-json\/wp\/v2\/media\/17194"}],"wp:attachment":[{"href":"http:\/\/gradadigital.com\/home\/wp-json\/wp\/v2\/media?parent=17279"}],"wp:term":[{"taxonomy":"category","embeddable":true,"href":"http:\/\/gradadigital.com\/home\/wp-json\/wp\/v2\/categories?post=17279"},{"taxonomy":"post_tag","embeddable":true,"href":"http:\/\/gradadigital.com\/home\/wp-json\/wp\/v2\/tags?post=17279"}],"curies":[{"name":"wp","href":"https:\/\/api.w.org\/{rel}","templated":true}]}}