{"id":17259,"date":"2015-01-19T10:24:56","date_gmt":"2015-01-19T14:54:56","guid":{"rendered":"http:\/\/gradadigital.com\/home\/?p=17259"},"modified":"2015-01-19T10:24:56","modified_gmt":"2015-01-19T14:54:56","slug":"video-mira-el-golazo-de-yonathan-del-valle-en-portugal","status":"publish","type":"post","link":"http:\/\/gradadigital.com\/home\/video-mira-el-golazo-de-yonathan-del-valle-en-portugal\/","title":{"rendered":"VIDEO | Mira el golazo de Yonathan Del Valle en Portugal"},"content":{"rendered":"<iframe loading=\"lazy\" width=\"620\" height=\"340\" src=\"http:\/\/www.youtube.com\/embed\/GCGi2FcilPc?rel=0\" frameborder=\"0\" allowfullscreen><\/iframe>\n<p style=\"text-align: center;\"><img loading=\"lazy\" decoding=\"async\" class=\"alignnone size-full wp-image-16349\" src=\"http:\/\/gradadigital.com\/home\/wp-content\/uploads\/2014\/12\/banner_opcion_comentarios_gd.jpg\" alt=\"banner_opcion_comentarios_gd\" width=\"621\" height=\"41\" srcset=\"http:\/\/gradadigital.com\/home\/wp-content\/uploads\/2014\/12\/banner_opcion_comentarios_gd.jpg 621w, http:\/\/gradadigital.com\/home\/wp-content\/uploads\/2014\/12\/banner_opcion_comentarios_gd-300x19.jpg 300w, http:\/\/gradadigital.com\/home\/wp-content\/uploads\/2014\/12\/banner_opcion_comentarios_gd-620x41.jpg 620w\" sizes=\"auto, (max-width: 621px) 100vw, 621px\" \/><\/p>\n<p style=\"text-align: justify;\"><strong>GradaDigital.com &#8211;<\/strong> El delantero venezolano que hace vida en el R\u00edo Ave de Portugal, Yonathan Del Valle, marc\u00f3 su primer gol en la Primera Divisi\u00f3n de esta temporada, luego de acumular tres tantos por Europa League. El criollo que marcaba para dicho momento el empate parcial, no pudo evitar la derrota de su club ante el Sporting de Lisboa (4-2). <strong>\u00a1Mira el video!<\/strong><\/p>\n<p style=\"text-align: center;\"><a href=\"https:\/\/play.google.com\/store\/apps\/details?id=com.app.gradadigital\" target=\"_blank\"><img loading=\"lazy\" decoding=\"async\" class=\"alignnone size-full wp-image-15415\" src=\"http:\/\/gradadigital.com\/home\/wp-content\/uploads\/2014\/10\/banner_aplicacion_V2_GRADADIGITAL_17102014.jpg\" alt=\"banner_aplicacion_V2_GRADADIGITAL_17102014\" width=\"620\" height=\"100\" srcset=\"http:\/\/gradadigital.com\/home\/wp-content\/uploads\/2014\/10\/banner_aplicacion_V2_GRADADIGITAL_17102014.jpg 620w, http:\/\/gradadigital.com\/home\/wp-content\/uploads\/2014\/10\/banner_aplicacion_V2_GRADADIGITAL_17102014-300x48.jpg 300w\" sizes=\"auto, (max-width: 620px) 100vw, 620px\" \/><\/a><\/p>\n","protected":false},"excerpt":{"rendered":"<p>GradaDigital.com &#8211; El delantero venezolano que hace vida en el R\u00edo Ave de Portugal, Yonathan Del Valle, marc\u00f3 su primer gol en la Primera Divisi\u00f3n de esta temporada, luego de acumular tres tantos por Europa League. El criollo que marcaba para dicho momento el empate parcial, no pudo evitar la derrota de su club ante &#8230;<\/p>\n","protected":false},"author":4,"featured_media":16062,"comment_status":"closed","ping_status":"closed","sticky":false,"template":"","format":"standard","meta":{"footnotes":""},"categories":[27,36,4],"tags":[],"class_list":["post-17259","post","type-post","status-publish","format-standard","has-post-thumbnail","hentry","category-video","category-internacional","category-legionarios"],"_links":{"self":[{"href":"http:\/\/gradadigital.com\/home\/wp-json\/wp\/v2\/posts\/17259","targetHints":{"allow":["GET"]}}],"collection":[{"href":"http:\/\/gradadigital.com\/home\/wp-json\/wp\/v2\/posts"}],"about":[{"href":"http:\/\/gradadigital.com\/home\/wp-json\/wp\/v2\/types\/post"}],"author":[{"embeddable":true,"href":"http:\/\/gradadigital.com\/home\/wp-json\/wp\/v2\/users\/4"}],"replies":[{"embeddable":true,"href":"http:\/\/gradadigital.com\/home\/wp-json\/wp\/v2\/comments?post=17259"}],"version-history":[{"count":1,"href":"http:\/\/gradadigital.com\/home\/wp-json\/wp\/v2\/posts\/17259\/revisions"}],"predecessor-version":[{"id":17260,"href":"http:\/\/gradadigital.com\/home\/wp-json\/wp\/v2\/posts\/17259\/revisions\/17260"}],"wp:featuredmedia":[{"embeddable":true,"href":"http:\/\/gradadigital.com\/home\/wp-json\/wp\/v2\/media\/16062"}],"wp:attachment":[{"href":"http:\/\/gradadigital.com\/home\/wp-json\/wp\/v2\/media?parent=17259"}],"wp:term":[{"taxonomy":"category","embeddable":true,"href":"http:\/\/gradadigital.com\/home\/wp-json\/wp\/v2\/categories?post=17259"},{"taxonomy":"post_tag","embeddable":true,"href":"http:\/\/gradadigital.com\/home\/wp-json\/wp\/v2\/tags?post=17259"}],"curies":[{"name":"wp","href":"https:\/\/api.w.org\/{rel}","templated":true}]}}