{"id":17171,"date":"2015-01-17T11:05:27","date_gmt":"2015-01-17T15:35:27","guid":{"rendered":"http:\/\/gradadigital.com\/home\/?p=17171"},"modified":"2015-01-18T01:07:06","modified_gmt":"2015-01-18T05:37:06","slug":"el-argentino-fabian-bordagaray-se-suma-al-rojo","status":"publish","type":"post","link":"http:\/\/gradadigital.com\/home\/el-argentino-fabian-bordagaray-se-suma-al-rojo\/","title":{"rendered":"El argentino Fabi\u00e1n Bordagaray se suma al \u00abRojo\u00bb"},"content":{"rendered":"<p style=\"text-align: center;\"><img loading=\"lazy\" decoding=\"async\" class=\"alignnone size-full wp-image-17172\" src=\"http:\/\/gradadigital.com\/home\/wp-content\/uploads\/2015\/01\/fabian_bordagaray_caracas_17012015.jpg\" alt=\"fabian_bordagaray_caracas_17012015\" width=\"682\" height=\"396\" srcset=\"http:\/\/gradadigital.com\/home\/wp-content\/uploads\/2015\/01\/fabian_bordagaray_caracas_17012015.jpg 682w, http:\/\/gradadigital.com\/home\/wp-content\/uploads\/2015\/01\/fabian_bordagaray_caracas_17012015-300x174.jpg 300w\" sizes=\"auto, (max-width: 682px) 100vw, 682px\" \/><\/p>\n<p style=\"text-align: center;\"><img loading=\"lazy\" decoding=\"async\" class=\"alignnone size-full wp-image-16349\" src=\"http:\/\/gradadigital.com\/home\/wp-content\/uploads\/2014\/12\/banner_opcion_comentarios_gd.jpg\" alt=\"banner_opcion_comentarios_gd\" width=\"621\" height=\"41\" srcset=\"http:\/\/gradadigital.com\/home\/wp-content\/uploads\/2014\/12\/banner_opcion_comentarios_gd.jpg 621w, http:\/\/gradadigital.com\/home\/wp-content\/uploads\/2014\/12\/banner_opcion_comentarios_gd-300x19.jpg 300w, http:\/\/gradadigital.com\/home\/wp-content\/uploads\/2014\/12\/banner_opcion_comentarios_gd-620x41.jpg 620w\" sizes=\"auto, (max-width: 621px) 100vw, 621px\" \/><\/p>\n<p style=\"text-align: justify;\"><strong>Prensa Caracas FC &#8211;<\/strong> El delantero argentino Fabi\u00e1n Bordagaray es el nuevo fichaje del Caracas F\u00fatbol Club, con un contrato que tendr\u00e1 vigencia hasta el 31 de diciembre de 2015.<\/p>\n<p style=\"text-align: justify;\">El jugador, que en febrero cumplir\u00e1 28 a\u00f1os, tiene experiencia en la primera divisi\u00f3n argentina con importantes clubes como San Lorenzo y River Plate, as\u00ed como en el mercado internacional donde tuvo actuaciones con el Rangers de Talca chileno y el griego Levadiakos, \u00faltima parada antes de llegar al rojo.<\/p>\n<p style=\"text-align: justify;\"><strong>\u201cEstoy contento de venir al club m\u00e1s ganador de Venezuela, ahora queda prepararme lo m\u00e1s r\u00e1pido posible para empezar a jugar y ayudar al equipo\u201d<\/strong>, se\u00f1al\u00f3 Fab\u00edan quien luego de estampar la r\u00fabrica convers\u00f3 con el cuerpo t\u00e9cnico encabezado por Eduardo Sarag\u00f3.<\/p>\n<p style=\"text-align: justify;\">No hay tiempo que perder. La intenci\u00f3n es que pueda estar disponible para la pr\u00f3xima semana cuando se dispute la tercera fecha que, para el Caracas F\u00fatbol Club, se disputar\u00e1 el s\u00e1bado 24 de enero ante Metropolitanos en el Br\u00edgido Iriarte.<\/p>\n<p style=\"text-align: justify;\"><strong>\u201cEstoy bien, vengo de competir porque el torneo de Grecia tiene un formato parecido a este, no hay pr\u00e1cticamente receso y tengo el ritmo futbol\u00edstico por lo que no creo que ser\u00e1 complicado estar en la misma p\u00e1gina. Ya habl\u00e9 con el cuerpo t\u00e9cnico, desde ya estoy listo para trabajar\u201d<\/strong>, apunt\u00f3 el nuevo delantero avile\u00f1o que lucir\u00e1 la camiseta n\u00famero 11.<\/p>\n<p style=\"text-align: justify;\">Fabi\u00e1n est\u00e1 claro y confiesa que venir a Venezuela fue posible porque la propuesta lleg\u00f3 de un equipo como el Caracas F\u00fatbol Club, que le representa un reto importante en este momento de su carrera, traz\u00e1ndose metas inmediatas.<\/p>\n<p style=\"text-align: justify;\"><strong>\u201cQuiero llegar a lo m\u00e1s alto, quiero ganar cosas y aportar un grano de arena para el equipo porque entiendo que portar esa camiseta es una gran responsabilidad y me gusta este reto\u201d<\/strong>, se\u00f1al\u00f3.<\/p>\n<p style=\"text-align: justify;\">Jugador de \u00e1rea, de mucha movilidad e instinto goleador, complemento perfecto en una zona que tiene talento criollo que viene de marcar la semana anterior en M\u00e9rida.<\/p>\n<p style=\"text-align: justify;\">Pero \u00bfC\u00f3mo se define Fabi\u00e1n como jugador? <strong>\u201cSoy un delantero, bastante suelto, tratando siempre de acompa\u00f1ar a los 9 que suelen moverse en el \u00e1rea y tratando de hacer l\u00edo en la parte de arriba\u201d<\/strong>, finaliz\u00f3.<\/p>\n<p style=\"text-align: justify;\">Apenas culmin\u00f3 el protocolo, el delantero argentino, subi\u00f3 a la cancha principal de Cocodrilos Sports Park para trabajar con el preparador f\u00edsico Miguel Cordero y luego en la tarde se acercar\u00e1 a la concentraci\u00f3n para continuar con su proceso de adaptaci\u00f3n.<\/p>\n<p style=\"text-align: justify;\"><strong><span style=\"text-decoration: underline;\">FICHA T\u00c9CNICA<\/span>:<br \/>\nNombre y apellido<\/strong>: Fabi\u00e1n Bordagaray<br \/>\n<strong>Lugar\u00a0 y fecha de nacimiento:<\/strong> Avellaneda, 15 de febrero de 1987<br \/>\n<strong>Posici\u00f3n:<\/strong> Delantero<br \/>\n<strong>Estatura y peso<\/strong>: 1,78 m y 78 kg<br \/>\n<strong>\u00daltimo equipo:<\/strong> Levadiakos (Grecia)<\/p>\n<p style=\"text-align: center;\"><a href=\"https:\/\/play.google.com\/store\/apps\/details?id=com.app.gradadigital\" target=\"_blank\"><img loading=\"lazy\" decoding=\"async\" class=\"alignnone size-full wp-image-15415\" src=\"http:\/\/gradadigital.com\/home\/wp-content\/uploads\/2014\/10\/banner_aplicacion_V2_GRADADIGITAL_17102014.jpg\" alt=\"banner_aplicacion_V2_GRADADIGITAL_17102014\" width=\"620\" height=\"100\" srcset=\"http:\/\/gradadigital.com\/home\/wp-content\/uploads\/2014\/10\/banner_aplicacion_V2_GRADADIGITAL_17102014.jpg 620w, http:\/\/gradadigital.com\/home\/wp-content\/uploads\/2014\/10\/banner_aplicacion_V2_GRADADIGITAL_17102014-300x48.jpg 300w\" sizes=\"auto, (max-width: 620px) 100vw, 620px\" \/><\/a><\/p>\n","protected":false},"excerpt":{"rendered":"<p>Prensa Caracas FC &#8211; El delantero argentino Fabi\u00e1n Bordagaray es el nuevo fichaje del Caracas F\u00fatbol Club, con un contrato que tendr\u00e1 vigencia hasta el 31 de diciembre de 2015. El jugador, que en febrero cumplir\u00e1 28 a\u00f1os, tiene experiencia en la primera divisi\u00f3n argentina con importantes clubes como San Lorenzo y River Plate, as\u00ed &#8230;<\/p>\n","protected":false},"author":4,"featured_media":17172,"comment_status":"closed","ping_status":"closed","sticky":false,"template":"","format":"standard","meta":{"footnotes":""},"categories":[752,9,5,31],"tags":[186,1838,969,942],"class_list":["post-17171","post","type-post","status-publish","format-standard","has-post-thumbnail","hentry","category-appgd","category-caracas-fc","category-futbol-nacional","category-primera-division","tag-argentina","tag-caracas-fc","tag-fabian-bordagaray","tag-torneo-clausura-2015"],"_links":{"self":[{"href":"http:\/\/gradadigital.com\/home\/wp-json\/wp\/v2\/posts\/17171","targetHints":{"allow":["GET"]}}],"collection":[{"href":"http:\/\/gradadigital.com\/home\/wp-json\/wp\/v2\/posts"}],"about":[{"href":"http:\/\/gradadigital.com\/home\/wp-json\/wp\/v2\/types\/post"}],"author":[{"embeddable":true,"href":"http:\/\/gradadigital.com\/home\/wp-json\/wp\/v2\/users\/4"}],"replies":[{"embeddable":true,"href":"http:\/\/gradadigital.com\/home\/wp-json\/wp\/v2\/comments?post=17171"}],"version-history":[{"count":3,"href":"http:\/\/gradadigital.com\/home\/wp-json\/wp\/v2\/posts\/17171\/revisions"}],"predecessor-version":[{"id":17214,"href":"http:\/\/gradadigital.com\/home\/wp-json\/wp\/v2\/posts\/17171\/revisions\/17214"}],"wp:featuredmedia":[{"embeddable":true,"href":"http:\/\/gradadigital.com\/home\/wp-json\/wp\/v2\/media\/17172"}],"wp:attachment":[{"href":"http:\/\/gradadigital.com\/home\/wp-json\/wp\/v2\/media?parent=17171"}],"wp:term":[{"taxonomy":"category","embeddable":true,"href":"http:\/\/gradadigital.com\/home\/wp-json\/wp\/v2\/categories?post=17171"},{"taxonomy":"post_tag","embeddable":true,"href":"http:\/\/gradadigital.com\/home\/wp-json\/wp\/v2\/tags?post=17171"}],"curies":[{"name":"wp","href":"https:\/\/api.w.org\/{rel}","templated":true}]}}