{"id":17095,"date":"2015-01-16T03:30:03","date_gmt":"2015-01-16T08:00:03","guid":{"rendered":"http:\/\/gradadigital.com\/home\/?p=17095"},"modified":"2015-01-16T09:45:03","modified_gmt":"2015-01-16T14:15:03","slug":"fotos-a-tono-con-el-rojo-en-su-camino-a-la-nasl","status":"publish","type":"post","link":"http:\/\/gradadigital.com\/home\/fotos-a-tono-con-el-rojo-en-su-camino-a-la-nasl\/","title":{"rendered":"+FOTOS | A tono con el \u00abRojo\u00bb en su camino a la NASL"},"content":{"rendered":"<p style=\"text-align: center;\"><img loading=\"lazy\" decoding=\"async\" class=\"alignnone size-full wp-image-17097\" src=\"http:\/\/gradadigital.com\/home\/wp-content\/uploads\/2015\/01\/juan_guerra_entrenamiento_caracas_09012015_2.jpg\" alt=\"juan_guerra_entrenamiento_caracas_09012015_2\" width=\"682\" height=\"396\" srcset=\"http:\/\/gradadigital.com\/home\/wp-content\/uploads\/2015\/01\/juan_guerra_entrenamiento_caracas_09012015_2.jpg 682w, http:\/\/gradadigital.com\/home\/wp-content\/uploads\/2015\/01\/juan_guerra_entrenamiento_caracas_09012015_2-300x174.jpg 300w\" sizes=\"auto, (max-width: 682px) 100vw, 682px\" \/><\/p>\n<p style=\"text-align: center;\"><img loading=\"lazy\" decoding=\"async\" class=\"alignnone size-full wp-image-16349\" src=\"http:\/\/gradadigital.com\/home\/wp-content\/uploads\/2014\/12\/banner_opcion_comentarios_gd.jpg\" alt=\"banner_opcion_comentarios_gd\" width=\"621\" height=\"41\" srcset=\"http:\/\/gradadigital.com\/home\/wp-content\/uploads\/2014\/12\/banner_opcion_comentarios_gd.jpg 621w, http:\/\/gradadigital.com\/home\/wp-content\/uploads\/2014\/12\/banner_opcion_comentarios_gd-300x19.jpg 300w, http:\/\/gradadigital.com\/home\/wp-content\/uploads\/2014\/12\/banner_opcion_comentarios_gd-620x41.jpg 620w\" sizes=\"auto, (max-width: 621px) 100vw, 621px\" \/><\/p>\n<p style=\"text-align: justify;\"><strong>GradaDigital.com &#8211;<\/strong> El criollo y mediocampista, Juan Guerra, firm\u00f3 en el mes de diciembre con el\u00a0Tampa Bay Rowdies de la NASL, una posibilidad que no pod\u00eda desechar pese a los intereses que mostraron diferentes equipos venezolanos por sus servicios.<\/p>\n<p style=\"text-align: justify;\">Guerra se encuentra a pocos d\u00edas de realizar su viaje para unirse con su nuevo equipo en Estados Unidos, pero previo a ello, se ha mantenido a tono con el Caracas FC, equipo que ya defendiera hace algunas temporadas. El jugador asegur\u00f3 sentirse contento tras su actual fichaje, y reconociendo el inter\u00e9s que puso su nuevo club por \u00e9l.<\/p>\n<p style=\"text-align: center;\"><a href=\"http:\/\/gradadigital.com\/home\/wp-content\/uploads\/2014\/10\/banner_aplicacion_V2_GRADADIGITAL_17102014.jpg\"><img loading=\"lazy\" decoding=\"async\" class=\"alignnone size-full wp-image-15415\" src=\"http:\/\/gradadigital.com\/home\/wp-content\/uploads\/2014\/10\/banner_aplicacion_V2_GRADADIGITAL_17102014.jpg\" alt=\"banner_aplicacion_V2_GRADADIGITAL_17102014\" width=\"620\" height=\"100\" srcset=\"http:\/\/gradadigital.com\/home\/wp-content\/uploads\/2014\/10\/banner_aplicacion_V2_GRADADIGITAL_17102014.jpg 620w, http:\/\/gradadigital.com\/home\/wp-content\/uploads\/2014\/10\/banner_aplicacion_V2_GRADADIGITAL_17102014-300x48.jpg 300w\" sizes=\"auto, (max-width: 620px) 100vw, 620px\" \/><\/a><\/p>\n<p style=\"text-align: center;\"><a href=\"https:\/\/play.google.com\/store\/apps\/details?id=com.app.gradadigital\" target=\"_blank\"><img loading=\"lazy\" decoding=\"async\" class=\"alignnone size-full wp-image-17098\" src=\"http:\/\/gradadigital.com\/home\/wp-content\/uploads\/2015\/01\/juan_guerra_entrenamiento_caracas_09012015.jpg\" alt=\"juan_guerra_entrenamiento_caracas_09012015\" width=\"682\" height=\"396\" srcset=\"http:\/\/gradadigital.com\/home\/wp-content\/uploads\/2015\/01\/juan_guerra_entrenamiento_caracas_09012015.jpg 682w, http:\/\/gradadigital.com\/home\/wp-content\/uploads\/2015\/01\/juan_guerra_entrenamiento_caracas_09012015-300x174.jpg 300w\" sizes=\"auto, (max-width: 682px) 100vw, 682px\" \/><\/a><\/p>\n<p style=\"text-align: center;\"><img loading=\"lazy\" decoding=\"async\" class=\"alignnone size-full wp-image-17096\" src=\"http:\/\/gradadigital.com\/home\/wp-content\/uploads\/2015\/01\/juan_guerra_entrenamiento_caracas_09012015_3.jpg\" alt=\"juan_guerra_entrenamiento_caracas_09012015_3\" width=\"682\" height=\"396\" srcset=\"http:\/\/gradadigital.com\/home\/wp-content\/uploads\/2015\/01\/juan_guerra_entrenamiento_caracas_09012015_3.jpg 682w, http:\/\/gradadigital.com\/home\/wp-content\/uploads\/2015\/01\/juan_guerra_entrenamiento_caracas_09012015_3-300x174.jpg 300w\" sizes=\"auto, (max-width: 682px) 100vw, 682px\" \/><\/p>\n","protected":false},"excerpt":{"rendered":"<p>GradaDigital.com &#8211; El criollo y mediocampista, Juan Guerra, firm\u00f3 en el mes de diciembre con el\u00a0Tampa Bay Rowdies de la NASL, una posibilidad que no pod\u00eda desechar pese a los intereses que mostraron diferentes equipos venezolanos por sus servicios. Guerra se encuentra a pocos d\u00edas de realizar su viaje para unirse con su nuevo equipo &#8230;<\/p>\n","protected":false},"author":4,"featured_media":17096,"comment_status":"closed","ping_status":"closed","sticky":false,"template":"","format":"standard","meta":{"footnotes":""},"categories":[752,9,4],"tags":[1838,960,961],"class_list":["post-17095","post","type-post","status-publish","format-standard","has-post-thumbnail","hentry","category-appgd","category-caracas-fc","category-legionarios","tag-caracas-fc","tag-juan-guerra","tag-nasl"],"_links":{"self":[{"href":"http:\/\/gradadigital.com\/home\/wp-json\/wp\/v2\/posts\/17095","targetHints":{"allow":["GET"]}}],"collection":[{"href":"http:\/\/gradadigital.com\/home\/wp-json\/wp\/v2\/posts"}],"about":[{"href":"http:\/\/gradadigital.com\/home\/wp-json\/wp\/v2\/types\/post"}],"author":[{"embeddable":true,"href":"http:\/\/gradadigital.com\/home\/wp-json\/wp\/v2\/users\/4"}],"replies":[{"embeddable":true,"href":"http:\/\/gradadigital.com\/home\/wp-json\/wp\/v2\/comments?post=17095"}],"version-history":[{"count":3,"href":"http:\/\/gradadigital.com\/home\/wp-json\/wp\/v2\/posts\/17095\/revisions"}],"predecessor-version":[{"id":17101,"href":"http:\/\/gradadigital.com\/home\/wp-json\/wp\/v2\/posts\/17095\/revisions\/17101"}],"wp:featuredmedia":[{"embeddable":true,"href":"http:\/\/gradadigital.com\/home\/wp-json\/wp\/v2\/media\/17096"}],"wp:attachment":[{"href":"http:\/\/gradadigital.com\/home\/wp-json\/wp\/v2\/media?parent=17095"}],"wp:term":[{"taxonomy":"category","embeddable":true,"href":"http:\/\/gradadigital.com\/home\/wp-json\/wp\/v2\/categories?post=17095"},{"taxonomy":"post_tag","embeddable":true,"href":"http:\/\/gradadigital.com\/home\/wp-json\/wp\/v2\/tags?post=17095"}],"curies":[{"name":"wp","href":"https:\/\/api.w.org\/{rel}","templated":true}]}}