{"id":16958,"date":"2015-01-13T19:23:01","date_gmt":"2015-01-13T23:53:01","guid":{"rendered":"http:\/\/gradadigital.com\/home\/?p=16958"},"modified":"2015-01-14T11:33:27","modified_gmt":"2015-01-14T16:03:27","slug":"malaga-de-rosales-y-anor-avanza-en-la-copa-del-rey","status":"publish","type":"post","link":"http:\/\/gradadigital.com\/home\/malaga-de-rosales-y-anor-avanza-en-la-copa-del-rey\/","title":{"rendered":"El M\u00e1laga de Rosales y A\u00f1or avanza en la Copa del Rey"},"content":{"rendered":"<p style=\"text-align: center;\"><img decoding=\"async\" class=\"details-image\" draggable=\"false\" src=\"http:\/\/gradadigital.com\/home\/wp-content\/uploads\/2015\/01\/levante_malaga_130120151.jpg\" alt=\"\" \/><\/p>\n<p style=\"text-align: justify;\"><img loading=\"lazy\" decoding=\"async\" class=\"alignnone size-full wp-image-16349\" src=\"http:\/\/gradadigital.com\/home\/wp-content\/uploads\/2014\/12\/banner_opcion_comentarios_gd.jpg\" alt=\"banner_opcion_comentarios_gd\" width=\"621\" height=\"41\" srcset=\"http:\/\/gradadigital.com\/home\/wp-content\/uploads\/2014\/12\/banner_opcion_comentarios_gd.jpg 621w, http:\/\/gradadigital.com\/home\/wp-content\/uploads\/2014\/12\/banner_opcion_comentarios_gd-300x19.jpg 300w, http:\/\/gradadigital.com\/home\/wp-content\/uploads\/2014\/12\/banner_opcion_comentarios_gd-620x41.jpg 620w\" sizes=\"auto, (max-width: 621px) 100vw, 621px\" \/><\/p>\n<p style=\"text-align: justify;\"><strong>EFE<\/strong> &#8211; El M\u00e1laga certific\u00f3 en Valencia su pase a los cuartos de final de la Copa del Rey pese a perder por 3-2 ante un Levante, que fue muy inferior en el primer tiempo, pero que de la mano de David Barral fue capaz de remontar un 0-2 en los \u00faltimos\u00a0veinte minutos, ante la relajaci\u00f3n de los andaluces.<\/p>\n<p style=\"text-align: justify;\">El 2-0 de la ida y los problemas en la Liga ya hac\u00edan presagiar que el Levante no estaba con la mente puesta en una remontada, algo que se evidenci\u00f3 en la grada, donde apenas se congregaron 4.000 aficionados.<\/p>\n<p style=\"text-align: justify;\">Ante tal tesitura, el M\u00e1laga jug\u00f3 muy suelto desde el pitido inicial, mejor plantado sobre el terreno de juego y llegando con facilidad al \u00e1rea levantinista, si bien le falt\u00f3 ese pase final para poner en apuros a Jes\u00fas Fern\u00e1ndez.<\/p>\n<p style=\"text-align: justify;\">En el ecuador del primer acto, una buena jugada del M\u00e1laga concluy\u00f3 con una gran asistencia de Samu a Horta, quien solo ante el meta local defini\u00f3 con la zurda y sentenci\u00f3 a\u00fan m\u00e1s la eliminatoria, ya que obligaba al Levante a marcar cuatro goles. Una utop\u00eda a la vista de la capacidad ofensiva del cuadro local esta temporada.<\/p>\n<p style=\"text-align: justify;\">El Levante, con m\u00e1s coraz\u00f3n que buen juego, trat\u00f3 de acercarse a las inmediaciones de Ochoa, aunque tan solo un testarazo del ariete brasile\u00f1o Rafael inquiet\u00f3 al portero internacional mexicano.<\/p>\n<p style=\"text-align: justify;\">Poco antes del descanso, los de Xavi Gracia anotaban el segundo, tras un disparo de Recio, que aprovech\u00f3 un rechace en el \u00e1rea grande para matar a\u00fan m\u00e1s la eliminatoria. Pedro L\u00f3pez pudo recortar diferencias poco antes del descanso.<\/p>\n<p style=\"text-align: justify;\">La intrascendente segunda parte arranc\u00f3 con un juego sin tensi\u00f3n. Los dos equipos jugaron a sus anchas en la medular y solo en defensa se emplearon m\u00e1s a fondo.<\/p>\n<p style=\"text-align: justify;\">Aunque fue el M\u00e1laga quien parec\u00eda m\u00e1s cerca de marcar, fue finalmente el Levante el que consigui\u00f3 su primer gol en la eliminatoria, tras una falta en la que el M\u00e1laga no hizo bien el fuera de juego y el pase al segundo palo lo aprovech\u00f3 Barral para despertar a los espectadores y a sus compa\u00f1eros.<\/p>\n<p style=\"text-align: justify;\">El delantero andaluz ten\u00eda ganas de m\u00e1s y apenas tres minutos despu\u00e9s se fabric\u00f3 el gol del empate en una gran acci\u00f3n personal, lo que anim\u00f3 a los suyos a lanzarse al menos a por la victoria.<\/p>\n<p style=\"text-align: justify;\">El Levante encontr\u00f3 la motivaci\u00f3n de la mano de un Barral incisivo, que de cabeza pudo lograr el triplete de no ser por una gran intervenci\u00f3n de Ochoa.<\/p>\n<p style=\"text-align: justify;\">Fue el capit\u00e1n Juanfran el que certific\u00f3 la remontada del partido a cinco minutos del final, al aprovechar un rechace en el segundo palo para marcar el 3-2 y dar un triunfo moral al cuadro local, aunque est\u00e9ril para la eliminatoria.<\/p>\n<p style=\"text-align: justify;\">Barral busc\u00f3 la piller\u00eda en el \u00faltimo minuto al marcar con la mano el cuarto, pero el \u00e1rbitro le vio y le cost\u00f3 la segunda amonestaci\u00f3n y la expulsi\u00f3n.<\/p>\n<p style=\"text-align: center;\"><a href=\"https:\/\/play.google.com\/store\/apps\/details?id=com.app.gradadigital\" target=\"_blank\"><img loading=\"lazy\" decoding=\"async\" class=\"alignnone size-full wp-image-15415\" src=\"http:\/\/gradadigital.com\/home\/wp-content\/uploads\/2014\/10\/banner_aplicacion_V2_GRADADIGITAL_17102014.jpg\" alt=\"banner_aplicacion_V2_GRADADIGITAL_17102014\" width=\"620\" height=\"100\" srcset=\"http:\/\/gradadigital.com\/home\/wp-content\/uploads\/2014\/10\/banner_aplicacion_V2_GRADADIGITAL_17102014.jpg 620w, http:\/\/gradadigital.com\/home\/wp-content\/uploads\/2014\/10\/banner_aplicacion_V2_GRADADIGITAL_17102014-300x48.jpg 300w\" sizes=\"auto, (max-width: 620px) 100vw, 620px\" \/><\/a><\/p>\n","protected":false},"excerpt":{"rendered":"<p>EFE &#8211; El M\u00e1laga certific\u00f3 en Valencia su pase a los cuartos de final de la Copa del Rey pese a perder por 3-2 ante un Levante, que fue muy inferior en el primer tiempo, pero que de la mano de David Barral fue capaz de remontar un 0-2 en los \u00faltimos\u00a0veinte minutos, ante la &#8230;<\/p>\n","protected":false},"author":3,"featured_media":16963,"comment_status":"closed","ping_status":"closed","sticky":false,"template":"","format":"standard","meta":{"footnotes":""},"categories":[752,36,4],"tags":[923,924,922,531,77],"class_list":["post-16958","post","type-post","status-publish","format-standard","has-post-thumbnail","hentry","category-appgd","category-internacional","category-legionarios","tag-juan-pablo-anor","tag-juanpi","tag-levante","tag-malaga","tag-roberto-rosales"],"_links":{"self":[{"href":"http:\/\/gradadigital.com\/home\/wp-json\/wp\/v2\/posts\/16958","targetHints":{"allow":["GET"]}}],"collection":[{"href":"http:\/\/gradadigital.com\/home\/wp-json\/wp\/v2\/posts"}],"about":[{"href":"http:\/\/gradadigital.com\/home\/wp-json\/wp\/v2\/types\/post"}],"author":[{"embeddable":true,"href":"http:\/\/gradadigital.com\/home\/wp-json\/wp\/v2\/users\/3"}],"replies":[{"embeddable":true,"href":"http:\/\/gradadigital.com\/home\/wp-json\/wp\/v2\/comments?post=16958"}],"version-history":[{"count":3,"href":"http:\/\/gradadigital.com\/home\/wp-json\/wp\/v2\/posts\/16958\/revisions"}],"predecessor-version":[{"id":16964,"href":"http:\/\/gradadigital.com\/home\/wp-json\/wp\/v2\/posts\/16958\/revisions\/16964"}],"wp:featuredmedia":[{"embeddable":true,"href":"http:\/\/gradadigital.com\/home\/wp-json\/wp\/v2\/media\/16963"}],"wp:attachment":[{"href":"http:\/\/gradadigital.com\/home\/wp-json\/wp\/v2\/media?parent=16958"}],"wp:term":[{"taxonomy":"category","embeddable":true,"href":"http:\/\/gradadigital.com\/home\/wp-json\/wp\/v2\/categories?post=16958"},{"taxonomy":"post_tag","embeddable":true,"href":"http:\/\/gradadigital.com\/home\/wp-json\/wp\/v2\/tags?post=16958"}],"curies":[{"name":"wp","href":"https:\/\/api.w.org\/{rel}","templated":true}]}}