{"id":16908,"date":"2015-01-13T20:42:39","date_gmt":"2015-01-14T01:12:39","guid":{"rendered":"http:\/\/gradadigital.com\/home\/?p=16908"},"modified":"2015-01-13T23:51:39","modified_gmt":"2015-01-14T04:21:39","slug":"diario-el-pais-tiene-a-los-mejores-de-venezuela","status":"publish","type":"post","link":"http:\/\/gradadigital.com\/home\/diario-el-pais-tiene-a-los-mejores-de-venezuela\/","title":{"rendered":"Diario El Pa\u00eds tiene a los mejores de Venezuela"},"content":{"rendered":"<p style=\"text-align: center;\"><img loading=\"lazy\" decoding=\"async\" class=\"alignnone size-full wp-image-11807\" src=\"http:\/\/gradadigital.com\/home\/wp-content\/uploads\/2014\/05\/juan_falcon_zamora_zulia_11052014_9.jpg\" alt=\"juan_falcon_zamora_zulia_11052014_9\" width=\"596\" height=\"346\" srcset=\"http:\/\/gradadigital.com\/home\/wp-content\/uploads\/2014\/05\/juan_falcon_zamora_zulia_11052014_9.jpg 596w, http:\/\/gradadigital.com\/home\/wp-content\/uploads\/2014\/05\/juan_falcon_zamora_zulia_11052014_9-300x174.jpg 300w\" sizes=\"auto, (max-width: 596px) 100vw, 596px\" \/><\/p>\n<p style=\"text-align: center;\"><img loading=\"lazy\" decoding=\"async\" class=\"alignnone size-full wp-image-16349\" src=\"http:\/\/gradadigital.com\/home\/wp-content\/uploads\/2014\/12\/banner_opcion_comentarios_gd.jpg\" alt=\"banner_opcion_comentarios_gd\" width=\"621\" height=\"41\" srcset=\"http:\/\/gradadigital.com\/home\/wp-content\/uploads\/2014\/12\/banner_opcion_comentarios_gd.jpg 621w, http:\/\/gradadigital.com\/home\/wp-content\/uploads\/2014\/12\/banner_opcion_comentarios_gd-300x19.jpg 300w, http:\/\/gradadigital.com\/home\/wp-content\/uploads\/2014\/12\/banner_opcion_comentarios_gd-620x41.jpg 620w\" sizes=\"auto, (max-width: 621px) 100vw, 621px\" \/><\/p>\n<p style=\"text-align: justify;\"><strong>GradaDigital.com &#8211;<\/strong> El <em>Diario El Pa\u00eds<\/em> de Uruguay como cada a\u00f1o, elige a los mejores de Sudam\u00e9rica, premio encabezado por el colombiano Te\u00f3filo Guti\u00e9rrez quien se consagr\u00f3 como el mejor jugador de Am\u00e9rica. De igual manera, se eligen a los mejores participantes de\u00a0cada pa\u00eds, rama que gan\u00f3 el delantero <strong>Juan Falc\u00f3n por Venezuela como el mejor representante de nuestro f\u00fatbol<\/strong>.<\/p>\n<p style=\"text-align: justify;\">El criollo del Metz de Francia, destac\u00f3 por su participaci\u00f3n en el torneo venezolano. Hay que recordar que el elegido son por sus participaciones en tierras sudamericanas. Los periodistas venezolanos que participaron en la encuesta tambi\u00e9n eligieron a\u00a0<strong>Horacio Matuszyczk como mejor t\u00e9cnico del pa\u00eds<\/strong>, y a su equipo reci\u00e9n coronado con el Torneo Apertura, <strong>Trujillanos FC, como el mejor club<\/strong>.<\/p>\n<p style=\"text-align: center;\"><a href=\"https:\/\/play.google.com\/store\/apps\/details?id=com.app.gradadigital\" target=\"_blank\"><img loading=\"lazy\" decoding=\"async\" class=\"alignnone size-full wp-image-15415\" src=\"http:\/\/gradadigital.com\/home\/wp-content\/uploads\/2014\/10\/banner_aplicacion_V2_GRADADIGITAL_17102014.jpg\" alt=\"banner_aplicacion_V2_GRADADIGITAL_17102014\" width=\"620\" height=\"100\" srcset=\"http:\/\/gradadigital.com\/home\/wp-content\/uploads\/2014\/10\/banner_aplicacion_V2_GRADADIGITAL_17102014.jpg 620w, http:\/\/gradadigital.com\/home\/wp-content\/uploads\/2014\/10\/banner_aplicacion_V2_GRADADIGITAL_17102014-300x48.jpg 300w\" sizes=\"auto, (max-width: 620px) 100vw, 620px\" \/><\/a><\/p>\n","protected":false},"excerpt":{"rendered":"<p>GradaDigital.com &#8211; El Diario El Pa\u00eds de Uruguay como cada a\u00f1o, elige a los mejores de Sudam\u00e9rica, premio encabezado por el colombiano Te\u00f3filo Guti\u00e9rrez quien se consagr\u00f3 como el mejor jugador de Am\u00e9rica. De igual manera, se eligen a los mejores participantes de\u00a0cada pa\u00eds, rama que gan\u00f3 el delantero Juan Falc\u00f3n por Venezuela como el &#8230;<\/p>\n","protected":false},"author":4,"featured_media":11807,"comment_status":"closed","ping_status":"closed","sticky":false,"template":"","format":"standard","meta":{"footnotes":""},"categories":[752,5,31,19,21],"tags":[909,886,117,910,1845,301],"class_list":["post-16908","post","type-post","status-publish","format-standard","has-post-thumbnail","hentry","category-appgd","category-futbol-nacional","category-primera-division","category-trujillanos-fc","category-zamora-fc","tag-diario-el-pais","tag-horacio-matuszyczk","tag-juan-falcon","tag-teofilo-gutierrez","tag-trujillanos-fc","tag-uruguay"],"_links":{"self":[{"href":"http:\/\/gradadigital.com\/home\/wp-json\/wp\/v2\/posts\/16908","targetHints":{"allow":["GET"]}}],"collection":[{"href":"http:\/\/gradadigital.com\/home\/wp-json\/wp\/v2\/posts"}],"about":[{"href":"http:\/\/gradadigital.com\/home\/wp-json\/wp\/v2\/types\/post"}],"author":[{"embeddable":true,"href":"http:\/\/gradadigital.com\/home\/wp-json\/wp\/v2\/users\/4"}],"replies":[{"embeddable":true,"href":"http:\/\/gradadigital.com\/home\/wp-json\/wp\/v2\/comments?post=16908"}],"version-history":[{"count":1,"href":"http:\/\/gradadigital.com\/home\/wp-json\/wp\/v2\/posts\/16908\/revisions"}],"predecessor-version":[{"id":16909,"href":"http:\/\/gradadigital.com\/home\/wp-json\/wp\/v2\/posts\/16908\/revisions\/16909"}],"wp:featuredmedia":[{"embeddable":true,"href":"http:\/\/gradadigital.com\/home\/wp-json\/wp\/v2\/media\/11807"}],"wp:attachment":[{"href":"http:\/\/gradadigital.com\/home\/wp-json\/wp\/v2\/media?parent=16908"}],"wp:term":[{"taxonomy":"category","embeddable":true,"href":"http:\/\/gradadigital.com\/home\/wp-json\/wp\/v2\/categories?post=16908"},{"taxonomy":"post_tag","embeddable":true,"href":"http:\/\/gradadigital.com\/home\/wp-json\/wp\/v2\/tags?post=16908"}],"curies":[{"name":"wp","href":"https:\/\/api.w.org\/{rel}","templated":true}]}}