{"id":16894,"date":"2015-01-13T19:53:47","date_gmt":"2015-01-14T00:23:47","guid":{"rendered":"http:\/\/gradadigital.com\/home\/?p=16894"},"modified":"2015-01-13T22:49:23","modified_gmt":"2015-01-14T03:19:23","slug":"cuevas-nos-mato-la-ansiedad-por-hacer-el-gol","status":"publish","type":"post","link":"http:\/\/gradadigital.com\/home\/cuevas-nos-mato-la-ansiedad-por-hacer-el-gol\/","title":{"rendered":"Cuevas: \u00abNos mat\u00f3 la ansiedad por hacer el gol\u00bb"},"content":{"rendered":"<p style=\"text-align: center;\"><img loading=\"lazy\" decoding=\"async\" class=\"alignnone size-full wp-image-16895\" src=\"http:\/\/gradadigital.com\/home\/wp-content\/uploads\/2015\/01\/edixon_cuevas_metropolitanos_mineros_10012015.jpg\" alt=\"edixon_cuevas_metropolitanos_mineros_10012015\" width=\"682\" height=\"396\" srcset=\"http:\/\/gradadigital.com\/home\/wp-content\/uploads\/2015\/01\/edixon_cuevas_metropolitanos_mineros_10012015.jpg 682w, http:\/\/gradadigital.com\/home\/wp-content\/uploads\/2015\/01\/edixon_cuevas_metropolitanos_mineros_10012015-300x174.jpg 300w\" sizes=\"auto, (max-width: 682px) 100vw, 682px\" \/><\/p>\n<p style=\"text-align: center;\"><img loading=\"lazy\" decoding=\"async\" class=\"alignnone size-full wp-image-16349\" src=\"http:\/\/gradadigital.com\/home\/wp-content\/uploads\/2014\/12\/banner_opcion_comentarios_gd.jpg\" alt=\"banner_opcion_comentarios_gd\" width=\"621\" height=\"41\" srcset=\"http:\/\/gradadigital.com\/home\/wp-content\/uploads\/2014\/12\/banner_opcion_comentarios_gd.jpg 621w, http:\/\/gradadigital.com\/home\/wp-content\/uploads\/2014\/12\/banner_opcion_comentarios_gd-300x19.jpg 300w, http:\/\/gradadigital.com\/home\/wp-content\/uploads\/2014\/12\/banner_opcion_comentarios_gd-620x41.jpg 620w\" sizes=\"auto, (max-width: 621px) 100vw, 621px\" \/><\/p>\n<p style=\"text-align: justify;\"><strong>Prensa Mineros de Guayana &#8211;<\/strong> Llegar a Mineros de Guayana represent\u00f3 un nuevo reto para el experimentado defensor central, Edixon Cuevas, quien pas\u00f3 sus \u00faltimas seis temporadas con Trujillanos FC, equipo con el que sali\u00f3 campe\u00f3n en el Torneo Apertura 2014.<\/p>\n<p style=\"text-align: justify;\">Cuevas aterriz\u00f3 en Puerto Ordaz el mi\u00e9rcoles 7 de enero \u2013cinco d\u00edas de que arrancaron los trabajos- y ese mismo d\u00eda se puso a las \u00f3rdenes del t\u00e9cnico Marcos Math\u00edas. El zaguero aprovech\u00f3 cada entrenamiento, con la intenci\u00f3n de ponerse a tono y empezar a ayudar a los negriazules.<\/p>\n<p style=\"text-align: justify;\">Para Math\u00edas, Cuevas no ten\u00eda mucho que demostrar y entr\u00f3 en la primera convocatoria del Torneo Clausura, para enfrentar a Metropolitanos FC, en el estadio Br\u00edgido Iriarte, de Caracas. El minerista disput\u00f3 los 90 minutos y, a pesar de la derrota, termin\u00f3 contento.<\/p>\n<p style=\"text-align: justify;\"><strong>\u00abTen\u00edamos el partido controlado, pero pasaron cosas del f\u00fatbol y al final nos devolvimos sin nada. Lo importante fue que hicimos muchas cosas buenas y se not\u00f3 el sacrificio de los jugadores, pero nos mat\u00f3 la ansiedad por hacer el gol\u00bb<\/strong>, dijo Cuevas, luego de la pr\u00e1ctica matutina de este martes.<\/p>\n<p style=\"text-align: justify;\"><strong>\u00abNo fue como lo esperaba. Sal\u00ed a ganar ese partido porque s\u00e9 de lo que soy capaz, pero trabajar\u00e9 de la mejor manera para engranar y responderle al equipo como todos esperan\u00bb<\/strong>, agreg\u00f3.<\/p>\n<p style=\"text-align: justify;\"><strong>Trabajo de equipo<\/strong><br \/>\nCuevas tiene claro que Mineros de Guayana cuenta con jugadores de gran nivel y que, con trabajo y esfuerzo, se van a conseguir las victorias. <strong>\u00abTenemos un equipo muy fuerte. Ya estamos enfocados en Portuguesa. Tenemos que sacar lo mejor de nosotros, con confianza de que desde este domingo vamos a empezar a sumar completo\u00bb<\/strong>, sostuvo.<\/p>\n<p style=\"text-align: justify;\"><strong>\u00abEsta semana es para exigirnos mucho porque se nos vienen partidos seguidos, pero primero debemos resolver el del domingo. Hay un plantel amplio para responder en cada uno de los compromisos\u00bb<\/strong>, continu\u00f3.<\/p>\n<p style=\"text-align: justify;\">En el primer cotejo, Math\u00edas aline\u00f3 a cuatro defensores de jerarqu\u00eda \u2013Luis Vallenilla, Julio Machado, Gabriel Cichero y Cuevas-. El oriundo de Valera considera que esto es importante porque en el ataque no hay de qu\u00e9 preocuparse.<\/p>\n<p style=\"text-align: justify;\"><strong>\u00abNosotros debemos estar atentos en la parte defensiva, donde hay mucha experiencia, porque en la delantera hay jugadores que, en cualquier momento, te definen un partido\u00bb<\/strong>, concluy\u00f3 Cuevas.<\/p>\n<p style=\"text-align: center;\"><a href=\"https:\/\/play.google.com\/store\/apps\/details?id=com.app.gradadigital\" target=\"_blank\"><img loading=\"lazy\" decoding=\"async\" class=\"alignnone size-full wp-image-15415\" src=\"http:\/\/gradadigital.com\/home\/wp-content\/uploads\/2014\/10\/banner_aplicacion_V2_GRADADIGITAL_17102014.jpg\" alt=\"banner_aplicacion_V2_GRADADIGITAL_17102014\" width=\"620\" height=\"100\" srcset=\"http:\/\/gradadigital.com\/home\/wp-content\/uploads\/2014\/10\/banner_aplicacion_V2_GRADADIGITAL_17102014.jpg 620w, http:\/\/gradadigital.com\/home\/wp-content\/uploads\/2014\/10\/banner_aplicacion_V2_GRADADIGITAL_17102014-300x48.jpg 300w\" sizes=\"auto, (max-width: 620px) 100vw, 620px\" \/><\/a><\/p>\n","protected":false},"excerpt":{"rendered":"<p>Prensa Mineros de Guayana &#8211; Llegar a Mineros de Guayana represent\u00f3 un nuevo reto para el experimentado defensor central, Edixon Cuevas, quien pas\u00f3 sus \u00faltimas seis temporadas con Trujillanos FC, equipo con el que sali\u00f3 campe\u00f3n en el Torneo Apertura 2014. Cuevas aterriz\u00f3 en Puerto Ordaz el mi\u00e9rcoles 7 de enero \u2013cinco d\u00edas de que &#8230;<\/p>\n","protected":false},"author":4,"featured_media":16895,"comment_status":"closed","ping_status":"closed","sticky":false,"template":"","format":"standard","meta":{"footnotes":""},"categories":[752,5,15,31],"tags":[865,1843,498],"class_list":["post-16894","post","type-post","status-publish","format-standard","has-post-thumbnail","hentry","category-appgd","category-futbol-nacional","category-mineros-de-guayana","category-primera-division","tag-edixon-cuevas","tag-mineros-de-guayana","tag-torneo-clausura"],"_links":{"self":[{"href":"http:\/\/gradadigital.com\/home\/wp-json\/wp\/v2\/posts\/16894","targetHints":{"allow":["GET"]}}],"collection":[{"href":"http:\/\/gradadigital.com\/home\/wp-json\/wp\/v2\/posts"}],"about":[{"href":"http:\/\/gradadigital.com\/home\/wp-json\/wp\/v2\/types\/post"}],"author":[{"embeddable":true,"href":"http:\/\/gradadigital.com\/home\/wp-json\/wp\/v2\/users\/4"}],"replies":[{"embeddable":true,"href":"http:\/\/gradadigital.com\/home\/wp-json\/wp\/v2\/comments?post=16894"}],"version-history":[{"count":3,"href":"http:\/\/gradadigital.com\/home\/wp-json\/wp\/v2\/posts\/16894\/revisions"}],"predecessor-version":[{"id":16929,"href":"http:\/\/gradadigital.com\/home\/wp-json\/wp\/v2\/posts\/16894\/revisions\/16929"}],"wp:featuredmedia":[{"embeddable":true,"href":"http:\/\/gradadigital.com\/home\/wp-json\/wp\/v2\/media\/16895"}],"wp:attachment":[{"href":"http:\/\/gradadigital.com\/home\/wp-json\/wp\/v2\/media?parent=16894"}],"wp:term":[{"taxonomy":"category","embeddable":true,"href":"http:\/\/gradadigital.com\/home\/wp-json\/wp\/v2\/categories?post=16894"},{"taxonomy":"post_tag","embeddable":true,"href":"http:\/\/gradadigital.com\/home\/wp-json\/wp\/v2\/tags?post=16894"}],"curies":[{"name":"wp","href":"https:\/\/api.w.org\/{rel}","templated":true}]}}