{"id":16878,"date":"2015-01-13T13:44:03","date_gmt":"2015-01-13T18:14:03","guid":{"rendered":"http:\/\/gradadigital.com\/home\/?p=16878"},"modified":"2015-01-13T13:48:42","modified_gmt":"2015-01-13T18:18:42","slug":"asi-votaron-los-representantes-de-las-selecciones-de-la-copa-america","status":"publish","type":"post","link":"http:\/\/gradadigital.com\/home\/asi-votaron-los-representantes-de-las-selecciones-de-la-copa-america\/","title":{"rendered":"As\u00ed votaron los representantes de las selecciones de la Copa Am\u00e9rica"},"content":{"rendered":"<p style=\"text-align: center;\"><a href=\"http:\/\/gradadigital.com\/home\/wp-content\/uploads\/2015\/01\/balon_de_oro_12012015.jpg\"><img loading=\"lazy\" decoding=\"async\" class=\"alignnone size-full wp-image-16826\" src=\"http:\/\/gradadigital.com\/home\/wp-content\/uploads\/2015\/01\/balon_de_oro_12012015.jpg\" alt=\"balon_de_oro_12012015\" width=\"682\" height=\"396\" srcset=\"http:\/\/gradadigital.com\/home\/wp-content\/uploads\/2015\/01\/balon_de_oro_12012015.jpg 682w, http:\/\/gradadigital.com\/home\/wp-content\/uploads\/2015\/01\/balon_de_oro_12012015-300x174.jpg 300w\" sizes=\"auto, (max-width: 682px) 100vw, 682px\" \/><\/a><\/p>\n<p style=\"text-align: center;\"><img loading=\"lazy\" decoding=\"async\" class=\"alignnone size-full wp-image-16349\" src=\"http:\/\/gradadigital.com\/home\/wp-content\/uploads\/2014\/12\/banner_opcion_comentarios_gd.jpg\" alt=\"banner_opcion_comentarios_gd\" width=\"621\" height=\"41\" srcset=\"http:\/\/gradadigital.com\/home\/wp-content\/uploads\/2014\/12\/banner_opcion_comentarios_gd.jpg 621w, http:\/\/gradadigital.com\/home\/wp-content\/uploads\/2014\/12\/banner_opcion_comentarios_gd-300x19.jpg 300w, http:\/\/gradadigital.com\/home\/wp-content\/uploads\/2014\/12\/banner_opcion_comentarios_gd-620x41.jpg 620w\" sizes=\"auto, (max-width: 621px) 100vw, 621px\" \/><\/p>\n<p style=\"text-align: justify;\"><strong>Prensa CA2015 &#8211;<\/strong> El que se qued\u00f3 con la gloria fue Cristiano Ronaldo en la ceremonia del Bal\u00f3n de Oro 2014 celebrada el lunes, en Z\u00farich. Pero Sudam\u00e9rica tuvo su parte, con el premio Puskas al colombiano James Rodr\u00edguez y, especialmente, por el segundo puesto en la competencia por el mejor del a\u00f1o del argentino Lionel Messi, que fue nominado por octava vez consecutiva.<\/p>\n<p style=\"text-align: justify;\">Ronaldo fue el claro ganador, con 37,66% de los votos, mientras que Messi recibi\u00f3 el 15,76% y el arquero alem\u00e1n Manuel Neuer 15,72%.<\/p>\n<p style=\"text-align: justify;\">Entre los doce equipos de la Copa Am\u00e9rica, el portugu\u00e9s tambi\u00e9n domin\u00f3 la historia. Casi duplic\u00f3 a Messi, mientras que el holand\u00e9s Arjen Robben hubiera terminado en el tercer lugar, con Neuer reci\u00e9n en el quinto puesto, detr\u00e1s de James Rodr\u00edguez.<\/p>\n<p style=\"text-align: justify;\">Aqu\u00ed, c\u00f3mo votaron las diez selecciones de Sudam\u00e9rica y los invitados a Chile 2015, Jamaica y M\u00e9xico. Cada jugador recibi\u00f3 cinco puntos por el primer puesto, tres por el segundo y uno por el tercero.<\/p>\n<p style=\"text-align: justify;\"><strong>Argentina<\/strong><br \/>\nLionel Messi (capit\u00e1n): Angel Di Maria, Andres Iniesta, Javier Mascherano<br \/>\nGerardo Martino (entrenador): Lionel Messi, Angel Di Maria, Javier Mascherano<br \/>\nEnrique Sacco (periodista): Lionel Messi, Cristiano Ronaldo, Manuel Neuer Bolivia<\/p>\n<p style=\"text-align: justify;\"><strong>Bolivia<\/strong><br \/>\nRonald Raldes (capit\u00e1n): Angel Di Maria, Cristiano Ronaldo, Lionel Messi<br \/>\nNestor Clausen (entrenador): Lionel Messi, Cristiano Ronaldo, Angel Di Maria<br \/>\nCarlos Enrique Rivera (periodista): James Rodriguez, Javier Mascherano, Neymar<\/p>\n<p style=\"text-align: justify;\"><strong>Brasil<\/strong><br \/>\nNeymar (periodista): Lionel Messi, Cristiano Ronaldo, Javier Mascherano<br \/>\nDunga (entrenador): Neymar, Cristiano Ronaldo, Zlatan Ibrahimovic<br \/>\nCleber Machado (periodista): Cristiano Ronaldo, Arjen Robben, Thomas Mueller<\/p>\n<p style=\"text-align: justify;\"><strong>Chile<\/strong><br \/>\nClaudio Bravo (capit\u00e1n): Lionel Messi, Andres Iniesta, Manuel Neuer<br \/>\nJorge Sampaoli (entrenador): Cristiano Ronaldo, Arjen Robben, Lionel Messi<br \/>\nDanilo Diaz (periodista): Arjen Robben, Cristiano Ronaldo, James Rodriguez Colombia<\/p>\n<p style=\"text-align: justify;\"><strong>Colombia<\/strong><br \/>\nRadamel Falcao (capit\u00e1n): James Rodriguez, Cristiano Ronaldo, Angel Di Maria<br \/>\nJose Pekerman (entrenador): James Rodriguez, Lionel Messi, Cristiano Ronaldo<br \/>\nPach\u00e9 Andrade (periodista): Bastian Schweinsteiger, Cristiano Ronaldo, James Rodriguez<\/p>\n<p style=\"text-align: justify;\"><strong>Ecuador<\/strong><br \/>\nWalter Ayov\u00ed (capit\u00e1n): Arjen Robben, Cristiano Ronaldo, Toni Kroos<br \/>\nSixto Vizuete (entrenador): Toni Kroos, Paul Pogba, James Rodriguez<br \/>\nFabricio Zavala Garcia (periodista): Cristiano Ronaldo, Manuel Neuer, Lionel Messi<\/p>\n<p style=\"text-align: justify;\"><strong>Jamaica<\/strong><br \/>\nRodolph Austin (capit\u00e1n): Cristiano Ronaldo, Lionel Messi, Arjen Robben<br \/>\nWinfried Sch\u00e4fer (entrenador): Manuel Neuer, Arjen Robben, Lionel Messi<br \/>\nNo hubo voto de un periodista<\/p>\n<p style=\"text-align: justify;\"><strong>M\u00e9xico<\/strong><br \/>\nAndr\u00e9s Guardado (capit\u00e1n): Philipp Lahm, Angel Di Maria, Cristiano Ronaldo<br \/>\nMiguel Herrera (entrenadorh): Cristiano Ronaldo, Philipp Lahm, Toni Kroos<br \/>\nSalvador Aguilera (periodista): Cristiano Ronaldo, Toni Kroos, Angel Di Maria<\/p>\n<p style=\"text-align: justify;\"><strong>Paraguay<\/strong><br \/>\nRoque Santa Cruz (capit\u00e1n): Cristiano Ronaldo, Arjen Robben, Philipp Lahm<br \/>\nVictor Genes (entrenador): Cristiano Ronaldo, Lionel Messi, Thomas Mueller<br \/>\nRuben Dario Da Rosa (periodista): Cristiano Ronaldo, Lionel Messi, James Rodriquez<\/p>\n<p style=\"text-align: justify;\"><strong>Per\u00fa<\/strong><br \/>\nClaudio Pizarro (capit\u00e1n): Manuel Neuer, Cristiano Ronaldo, Angel Di Maria<br \/>\nPablo Bengoechea (entrenador): Cristiano Ronaldo, Neymar, Lionel Messi<br \/>\nCarlos Salinas (periodista): Cristiano Ronaldo, Manuel Neuer, James Rodriguez Uruguay<\/p>\n<p style=\"text-align: justify;\"><strong>Uruguay<\/strong><br \/>\nDiego God\u00edn (capit\u00e1n): Diego Costa, Thibaut Courtois, Arjen Robben<br \/>\nOscar Tab\u00e1rez (entrenador): Cristiano Ronaldo, Manuel Neuer, Arjen Robben<br \/>\nRicardo Pineyrua (periodista): Bastian Schweinsteiger, Arjen Robben, Lionel Messi<\/p>\n<p style=\"text-align: justify;\"><strong>Venezuela<\/strong><br \/>\nTomas Rincon (capit\u00e1n): Cristiano Ronaldo, Manuel Neuer, Arjen Robben<br \/>\nNoel Sanvicente (entrenador): James Rodriguez, Arjen Robben, Lionel Messi<br \/>\nFrancisco Blavia (periodista): Cristiano Ronaldo, Lionel Messi, Thomas Mueller<\/p>\n<p style=\"text-align: center;\"><a href=\"https:\/\/play.google.com\/store\/apps\/details?id=com.app.gradadigital\" target=\"_blank\"><img loading=\"lazy\" decoding=\"async\" class=\"alignnone size-full wp-image-15415\" src=\"http:\/\/gradadigital.com\/home\/wp-content\/uploads\/2014\/10\/banner_aplicacion_V2_GRADADIGITAL_17102014.jpg\" alt=\"banner_aplicacion_V2_GRADADIGITAL_17102014\" width=\"620\" height=\"100\" srcset=\"http:\/\/gradadigital.com\/home\/wp-content\/uploads\/2014\/10\/banner_aplicacion_V2_GRADADIGITAL_17102014.jpg 620w, http:\/\/gradadigital.com\/home\/wp-content\/uploads\/2014\/10\/banner_aplicacion_V2_GRADADIGITAL_17102014-300x48.jpg 300w\" sizes=\"auto, (max-width: 620px) 100vw, 620px\" \/><\/a><\/p>\n","protected":false},"excerpt":{"rendered":"<p>Prensa CA2015 &#8211; El que se qued\u00f3 con la gloria fue Cristiano Ronaldo en la ceremonia del Bal\u00f3n de Oro 2014 celebrada el lunes, en Z\u00farich. Pero Sudam\u00e9rica tuvo su parte, con el premio Puskas al colombiano James Rodr\u00edguez y, especialmente, por el segundo puesto en la competencia por el mejor del a\u00f1o del argentino &#8230;<\/p>\n","protected":false},"author":4,"featured_media":16826,"comment_status":"closed","ping_status":"closed","sticky":false,"template":"","format":"standard","meta":{"footnotes":""},"categories":[752,42,36,3],"tags":[],"class_list":["post-16878","post","type-post","status-publish","format-standard","has-post-thumbnail","hentry","category-appgd","category-copa-america","category-internacional","category-seleccion-nacional"],"_links":{"self":[{"href":"http:\/\/gradadigital.com\/home\/wp-json\/wp\/v2\/posts\/16878","targetHints":{"allow":["GET"]}}],"collection":[{"href":"http:\/\/gradadigital.com\/home\/wp-json\/wp\/v2\/posts"}],"about":[{"href":"http:\/\/gradadigital.com\/home\/wp-json\/wp\/v2\/types\/post"}],"author":[{"embeddable":true,"href":"http:\/\/gradadigital.com\/home\/wp-json\/wp\/v2\/users\/4"}],"replies":[{"embeddable":true,"href":"http:\/\/gradadigital.com\/home\/wp-json\/wp\/v2\/comments?post=16878"}],"version-history":[{"count":2,"href":"http:\/\/gradadigital.com\/home\/wp-json\/wp\/v2\/posts\/16878\/revisions"}],"predecessor-version":[{"id":16880,"href":"http:\/\/gradadigital.com\/home\/wp-json\/wp\/v2\/posts\/16878\/revisions\/16880"}],"wp:featuredmedia":[{"embeddable":true,"href":"http:\/\/gradadigital.com\/home\/wp-json\/wp\/v2\/media\/16826"}],"wp:attachment":[{"href":"http:\/\/gradadigital.com\/home\/wp-json\/wp\/v2\/media?parent=16878"}],"wp:term":[{"taxonomy":"category","embeddable":true,"href":"http:\/\/gradadigital.com\/home\/wp-json\/wp\/v2\/categories?post=16878"},{"taxonomy":"post_tag","embeddable":true,"href":"http:\/\/gradadigital.com\/home\/wp-json\/wp\/v2\/tags?post=16878"}],"curies":[{"name":"wp","href":"https:\/\/api.w.org\/{rel}","templated":true}]}}