{"id":16803,"date":"2015-01-12T14:51:38","date_gmt":"2015-01-12T19:21:38","guid":{"rendered":"http:\/\/gradadigital.com\/home\/?p=16803"},"modified":"2015-01-12T16:10:01","modified_gmt":"2015-01-12T20:40:01","slug":"estos-son-los-jugadores-que-voto-tomas-rincon-para-el-balon-de-oro-acerto","status":"publish","type":"post","link":"http:\/\/gradadigital.com\/home\/estos-son-los-jugadores-que-voto-tomas-rincon-para-el-balon-de-oro-acerto\/","title":{"rendered":"Estos son los jugadores que vot\u00f3 Tom\u00e1s Rinc\u00f3n para el Bal\u00f3n de Oro. \u00bfAcert\u00f3?"},"content":{"rendered":"<p style=\"text-align: center;\"><img loading=\"lazy\" decoding=\"async\" class=\"alignnone size-full wp-image-15494\" src=\"http:\/\/gradadigital.com\/home\/wp-content\/uploads\/2014\/10\/tomas_rincon_genoa_22102014.jpg\" alt=\"tomas_rincon_genoa_22102014\" width=\"682\" height=\"396\" srcset=\"http:\/\/gradadigital.com\/home\/wp-content\/uploads\/2014\/10\/tomas_rincon_genoa_22102014.jpg 682w, http:\/\/gradadigital.com\/home\/wp-content\/uploads\/2014\/10\/tomas_rincon_genoa_22102014-300x174.jpg 300w\" sizes=\"auto, (max-width: 682px) 100vw, 682px\" \/><\/p>\n<p style=\"text-align: center;\"><img loading=\"lazy\" decoding=\"async\" class=\"alignnone size-full wp-image-16349\" src=\"http:\/\/gradadigital.com\/home\/wp-content\/uploads\/2014\/12\/banner_opcion_comentarios_gd.jpg\" alt=\"banner_opcion_comentarios_gd\" width=\"621\" height=\"41\" srcset=\"http:\/\/gradadigital.com\/home\/wp-content\/uploads\/2014\/12\/banner_opcion_comentarios_gd.jpg 621w, http:\/\/gradadigital.com\/home\/wp-content\/uploads\/2014\/12\/banner_opcion_comentarios_gd-300x19.jpg 300w, http:\/\/gradadigital.com\/home\/wp-content\/uploads\/2014\/12\/banner_opcion_comentarios_gd-620x41.jpg 620w\" sizes=\"auto, (max-width: 621px) 100vw, 621px\" \/><\/p>\n<p style=\"text-align: justify;\"><strong>GradaDigital.com &#8211;<\/strong> Por Venezuela, el mediocampista Tom\u00e1s Rinc\u00f3n, fue el elegido para votar por el Bal\u00f3n de Oro 2014. \u00bfPor qui\u00e9n vot\u00f3?. El criollo acert\u00f3 en su ganador: Cristiano Ronaldo fue su primera opci\u00f3n entre sus votos.<\/p>\n<p style=\"text-align: justify;\">El jugador del Genoa de Italia vot\u00f3 tambi\u00e9n por Manuel Neuer y Arjen Robben. Rinc\u00f3n tambi\u00e9n eligi\u00f3 a sus favoritos a mejor director t\u00e9cnico del a\u00f1o en el siguiente orden: Joachim\u00a0Loew, Diego Simeone y Carlo Ancelotti.<\/p>\n<p style=\"text-align: center;\"><a href=\"https:\/\/play.google.com\/store\/apps\/details?id=com.app.gradadigital\" target=\"_blank\"><img loading=\"lazy\" decoding=\"async\" class=\"alignnone size-full wp-image-15415\" src=\"http:\/\/gradadigital.com\/home\/wp-content\/uploads\/2014\/10\/banner_aplicacion_V2_GRADADIGITAL_17102014.jpg\" alt=\"banner_aplicacion_V2_GRADADIGITAL_17102014\" width=\"620\" height=\"100\" srcset=\"http:\/\/gradadigital.com\/home\/wp-content\/uploads\/2014\/10\/banner_aplicacion_V2_GRADADIGITAL_17102014.jpg 620w, http:\/\/gradadigital.com\/home\/wp-content\/uploads\/2014\/10\/banner_aplicacion_V2_GRADADIGITAL_17102014-300x48.jpg 300w\" sizes=\"auto, (max-width: 620px) 100vw, 620px\" \/><\/a><\/p>\n","protected":false},"excerpt":{"rendered":"<p>GradaDigital.com &#8211; Por Venezuela, el mediocampista Tom\u00e1s Rinc\u00f3n, fue el elegido para votar por el Bal\u00f3n de Oro 2014. \u00bfPor qui\u00e9n vot\u00f3?. El criollo acert\u00f3 en su ganador: Cristiano Ronaldo fue su primera opci\u00f3n entre sus votos. El jugador del Genoa de Italia vot\u00f3 tambi\u00e9n por Manuel Neuer y Arjen Robben. Rinc\u00f3n tambi\u00e9n eligi\u00f3 a &#8230;<\/p>\n","protected":false},"author":4,"featured_media":15494,"comment_status":"closed","ping_status":"closed","sticky":false,"template":"","format":"standard","meta":{"footnotes":""},"categories":[752,36,4,40],"tags":[],"class_list":["post-16803","post","type-post","status-publish","format-standard","has-post-thumbnail","hentry","category-appgd","category-internacional","category-legionarios","category-seleccion-nacional-mayores"],"_links":{"self":[{"href":"http:\/\/gradadigital.com\/home\/wp-json\/wp\/v2\/posts\/16803","targetHints":{"allow":["GET"]}}],"collection":[{"href":"http:\/\/gradadigital.com\/home\/wp-json\/wp\/v2\/posts"}],"about":[{"href":"http:\/\/gradadigital.com\/home\/wp-json\/wp\/v2\/types\/post"}],"author":[{"embeddable":true,"href":"http:\/\/gradadigital.com\/home\/wp-json\/wp\/v2\/users\/4"}],"replies":[{"embeddable":true,"href":"http:\/\/gradadigital.com\/home\/wp-json\/wp\/v2\/comments?post=16803"}],"version-history":[{"count":4,"href":"http:\/\/gradadigital.com\/home\/wp-json\/wp\/v2\/posts\/16803\/revisions"}],"predecessor-version":[{"id":16832,"href":"http:\/\/gradadigital.com\/home\/wp-json\/wp\/v2\/posts\/16803\/revisions\/16832"}],"wp:featuredmedia":[{"embeddable":true,"href":"http:\/\/gradadigital.com\/home\/wp-json\/wp\/v2\/media\/15494"}],"wp:attachment":[{"href":"http:\/\/gradadigital.com\/home\/wp-json\/wp\/v2\/media?parent=16803"}],"wp:term":[{"taxonomy":"category","embeddable":true,"href":"http:\/\/gradadigital.com\/home\/wp-json\/wp\/v2\/categories?post=16803"},{"taxonomy":"post_tag","embeddable":true,"href":"http:\/\/gradadigital.com\/home\/wp-json\/wp\/v2\/tags?post=16803"}],"curies":[{"name":"wp","href":"https:\/\/api.w.org\/{rel}","templated":true}]}}