{"id":16794,"date":"2015-01-12T01:27:27","date_gmt":"2015-01-12T05:57:27","guid":{"rendered":"http:\/\/gradadigital.com\/home\/?p=16794"},"modified":"2015-01-12T01:39:04","modified_gmt":"2015-01-12T06:09:04","slug":"fotos-caracas-estreno-la-indumentaria-negra","status":"publish","type":"post","link":"http:\/\/gradadigital.com\/home\/fotos-caracas-estreno-la-indumentaria-negra\/","title":{"rendered":"+FOTOS | Caracas estren\u00f3 la indumentaria \u00abnegra\u00bb"},"content":{"rendered":"<div id=\"attachment_14010\" style=\"width: 692px\" class=\"wp-caption aligncenter\"><img loading=\"lazy\" decoding=\"async\" aria-describedby=\"caption-attachment-14010\" class=\"wp-image-14010 size-full\" src=\"http:\/\/gradadigital.com\/home\/wp-content\/uploads\/2014\/08\/miguel_mea_vitali_caracas_presentacion_07082014_3.jpg\" alt=\"miguel_mea_vitali_caracas_presentacion_07082014_3\" width=\"682\" height=\"396\" srcset=\"http:\/\/gradadigital.com\/home\/wp-content\/uploads\/2014\/08\/miguel_mea_vitali_caracas_presentacion_07082014_3.jpg 682w, http:\/\/gradadigital.com\/home\/wp-content\/uploads\/2014\/08\/miguel_mea_vitali_caracas_presentacion_07082014_3-300x174.jpg 300w\" sizes=\"auto, (max-width: 682px) 100vw, 682px\" \/><p id=\"caption-attachment-14010\" class=\"wp-caption-text\">La camiseta \u00abnegra\u00bb fue presentada previo al Torneo Apertura<\/p><\/div>\n<p style=\"text-align: center;\"><img loading=\"lazy\" decoding=\"async\" class=\"alignnone size-full wp-image-16349\" src=\"http:\/\/gradadigital.com\/home\/wp-content\/uploads\/2014\/12\/banner_opcion_comentarios_gd.jpg\" alt=\"banner_opcion_comentarios_gd\" width=\"621\" height=\"41\" srcset=\"http:\/\/gradadigital.com\/home\/wp-content\/uploads\/2014\/12\/banner_opcion_comentarios_gd.jpg 621w, http:\/\/gradadigital.com\/home\/wp-content\/uploads\/2014\/12\/banner_opcion_comentarios_gd-300x19.jpg 300w, http:\/\/gradadigital.com\/home\/wp-content\/uploads\/2014\/12\/banner_opcion_comentarios_gd-620x41.jpg 620w\" sizes=\"auto, (max-width: 621px) 100vw, 621px\" \/><\/p>\n<p style=\"text-align: justify;\"><strong>GradaDigital.com &#8211;<\/strong> En la pasada presentaci\u00f3n del Caracas FC ante los medios de comunicaci\u00f3n de cara al Torneo Apertura, <span style=\"color: #003366;\"><a style=\"color: #003366;\" href=\"http:\/\/gradadigital.com\/home\/fotos-caracas-presento-camiseta-especial-para-la-sudamericana\/\" target=\"_blank\">la instituci\u00f3n capitalina present\u00f3 lo que ser\u00eda la indumentaria especial para la Copa Sudamericana 2014<\/a><\/span>, el cual nunca fue utilizada. Ayer, ante Estudiantes de M\u00e9rida, el equipo caraque\u00f1o venci\u00f3 a su rival en condici\u00f3n de visitante (1-2) y estren\u00f3 la camiseta \u00abNegra\u00bb por torneos oficiales.<\/p>\n<p style=\"text-align: justify;\">Representantes de la instituci\u00f3n han expresado que en los pr\u00f3ximos d\u00edas ser\u00eda presentado la nueva indumentaria local, la tradicional\u00a0casaca \u00abRoja\u00bb. A continuaci\u00f3n recordamos la indumentaria especial estrenada con triunfo en M\u00e9rida:<\/p>\n<p style=\"text-align: center;\"><a href=\"https:\/\/play.google.com\/store\/apps\/details?id=com.app.gradadigital\" target=\"_blank\"><img loading=\"lazy\" decoding=\"async\" class=\"alignnone size-full wp-image-15415\" src=\"http:\/\/gradadigital.com\/home\/wp-content\/uploads\/2014\/10\/banner_aplicacion_V2_GRADADIGITAL_17102014.jpg\" alt=\"banner_aplicacion_V2_GRADADIGITAL_17102014\" width=\"620\" height=\"100\" srcset=\"http:\/\/gradadigital.com\/home\/wp-content\/uploads\/2014\/10\/banner_aplicacion_V2_GRADADIGITAL_17102014.jpg 620w, http:\/\/gradadigital.com\/home\/wp-content\/uploads\/2014\/10\/banner_aplicacion_V2_GRADADIGITAL_17102014-300x48.jpg 300w\" sizes=\"auto, (max-width: 620px) 100vw, 620px\" \/><\/a><\/p>\n<p style=\"text-align: center;\"><img loading=\"lazy\" decoding=\"async\" class=\"alignnone size-full wp-image-16775\" src=\"http:\/\/gradadigital.com\/home\/wp-content\/uploads\/2015\/01\/marcelo_barrena_estudiantes_caracas_11012015.jpg\" alt=\"marcelo_barrena_estudiantes_caracas_11012015\" width=\"682\" height=\"396\" srcset=\"http:\/\/gradadigital.com\/home\/wp-content\/uploads\/2015\/01\/marcelo_barrena_estudiantes_caracas_11012015.jpg 682w, http:\/\/gradadigital.com\/home\/wp-content\/uploads\/2015\/01\/marcelo_barrena_estudiantes_caracas_11012015-300x174.jpg 300w\" sizes=\"auto, (max-width: 682px) 100vw, 682px\" \/><\/p>\n<p style=\"text-align: center;\"><img loading=\"lazy\" decoding=\"async\" class=\"alignnone size-full wp-image-16795\" src=\"http:\/\/gradadigital.com\/home\/wp-content\/uploads\/2015\/01\/miguel_mea_vitali_estudiantes_caracas_12012015.jpg\" alt=\"miguel_mea_vitali_estudiantes_caracas_12012015\" width=\"682\" height=\"396\" srcset=\"http:\/\/gradadigital.com\/home\/wp-content\/uploads\/2015\/01\/miguel_mea_vitali_estudiantes_caracas_12012015.jpg 682w, http:\/\/gradadigital.com\/home\/wp-content\/uploads\/2015\/01\/miguel_mea_vitali_estudiantes_caracas_12012015-300x174.jpg 300w\" sizes=\"auto, (max-width: 682px) 100vw, 682px\" \/><\/p>\n<p style=\"text-align: center;\"><img loading=\"lazy\" decoding=\"async\" class=\"alignnone size-full wp-image-14013\" src=\"http:\/\/gradadigital.com\/home\/wp-content\/uploads\/2014\/08\/ricardo_andreuttii_caracas_presentacion_07082014.jpg\" alt=\"ricardo_andreuttii_caracas_presentacion_07082014\" width=\"397\" height=\"596\" srcset=\"http:\/\/gradadigital.com\/home\/wp-content\/uploads\/2014\/08\/ricardo_andreuttii_caracas_presentacion_07082014.jpg 397w, http:\/\/gradadigital.com\/home\/wp-content\/uploads\/2014\/08\/ricardo_andreuttii_caracas_presentacion_07082014-199x300.jpg 199w\" sizes=\"auto, (max-width: 397px) 100vw, 397px\" \/><\/p>\n<p style=\"text-align: center;\"><img loading=\"lazy\" decoding=\"async\" class=\"alignnone size-full wp-image-14014\" src=\"http:\/\/gradadigital.com\/home\/wp-content\/uploads\/2014\/08\/miguel_mea_vitali_caracas_presentacion_07082014.jpg\" alt=\"miguel_mea_vitali_caracas_presentacion_07082014\" width=\"397\" height=\"596\" srcset=\"http:\/\/gradadigital.com\/home\/wp-content\/uploads\/2014\/08\/miguel_mea_vitali_caracas_presentacion_07082014.jpg 397w, http:\/\/gradadigital.com\/home\/wp-content\/uploads\/2014\/08\/miguel_mea_vitali_caracas_presentacion_07082014-199x300.jpg 199w\" sizes=\"auto, (max-width: 397px) 100vw, 397px\" \/><\/p>\n","protected":false},"excerpt":{"rendered":"<p>GradaDigital.com &#8211; En la pasada presentaci\u00f3n del Caracas FC ante los medios de comunicaci\u00f3n de cara al Torneo Apertura, la instituci\u00f3n capitalina present\u00f3 lo que ser\u00eda la indumentaria especial para la Copa Sudamericana 2014, el cual nunca fue utilizada. Ayer, ante Estudiantes de M\u00e9rida, el equipo caraque\u00f1o venci\u00f3 a su rival en condici\u00f3n de visitante &#8230;<\/p>\n","protected":false},"author":4,"featured_media":16796,"comment_status":"closed","ping_status":"closed","sticky":false,"template":"","format":"standard","meta":{"footnotes":""},"categories":[43,752,9,5,31],"tags":[],"class_list":["post-16794","post","type-post","status-publish","format-standard","has-post-thumbnail","hentry","category-fotos","category-appgd","category-caracas-fc","category-futbol-nacional","category-primera-division"],"_links":{"self":[{"href":"http:\/\/gradadigital.com\/home\/wp-json\/wp\/v2\/posts\/16794","targetHints":{"allow":["GET"]}}],"collection":[{"href":"http:\/\/gradadigital.com\/home\/wp-json\/wp\/v2\/posts"}],"about":[{"href":"http:\/\/gradadigital.com\/home\/wp-json\/wp\/v2\/types\/post"}],"author":[{"embeddable":true,"href":"http:\/\/gradadigital.com\/home\/wp-json\/wp\/v2\/users\/4"}],"replies":[{"embeddable":true,"href":"http:\/\/gradadigital.com\/home\/wp-json\/wp\/v2\/comments?post=16794"}],"version-history":[{"count":4,"href":"http:\/\/gradadigital.com\/home\/wp-json\/wp\/v2\/posts\/16794\/revisions"}],"predecessor-version":[{"id":16800,"href":"http:\/\/gradadigital.com\/home\/wp-json\/wp\/v2\/posts\/16794\/revisions\/16800"}],"wp:featuredmedia":[{"embeddable":true,"href":"http:\/\/gradadigital.com\/home\/wp-json\/wp\/v2\/media\/16796"}],"wp:attachment":[{"href":"http:\/\/gradadigital.com\/home\/wp-json\/wp\/v2\/media?parent=16794"}],"wp:term":[{"taxonomy":"category","embeddable":true,"href":"http:\/\/gradadigital.com\/home\/wp-json\/wp\/v2\/categories?post=16794"},{"taxonomy":"post_tag","embeddable":true,"href":"http:\/\/gradadigital.com\/home\/wp-json\/wp\/v2\/tags?post=16794"}],"curies":[{"name":"wp","href":"https:\/\/api.w.org\/{rel}","templated":true}]}}