{"id":16750,"date":"2015-01-11T14:32:13","date_gmt":"2015-01-11T19:02:13","guid":{"rendered":"http:\/\/gradadigital.com\/home\/?p=16750"},"modified":"2015-01-12T00:35:00","modified_gmt":"2015-01-12T05:05:00","slug":"seleccionador-vinotinto-ya-se-reunio-con-cuatro-legionarios","status":"publish","type":"post","link":"http:\/\/gradadigital.com\/home\/seleccionador-vinotinto-ya-se-reunio-con-cuatro-legionarios\/","title":{"rendered":"Seleccionador Vinotinto ya se reuni\u00f3 con cuatro legionarios"},"content":{"rendered":"<p style=\"text-align: center;\"><img loading=\"lazy\" decoding=\"async\" class=\"alignnone size-full wp-image-16791\" src=\"http:\/\/gradadigital.com\/home\/wp-content\/uploads\/2015\/01\/noel_sanvicente_jeffren_suarez_daniel_hernandez_venezuela_valladolid_11012015.jpg\" alt=\"noel_sanvicente_jeffren_suarez_daniel_hernandez_venezuela_valladolid_11012015\" width=\"682\" height=\"396\" srcset=\"http:\/\/gradadigital.com\/home\/wp-content\/uploads\/2015\/01\/noel_sanvicente_jeffren_suarez_daniel_hernandez_venezuela_valladolid_11012015.jpg 682w, http:\/\/gradadigital.com\/home\/wp-content\/uploads\/2015\/01\/noel_sanvicente_jeffren_suarez_daniel_hernandez_venezuela_valladolid_11012015-300x174.jpg 300w\" sizes=\"auto, (max-width: 682px) 100vw, 682px\" \/><\/p>\n<p style=\"text-align: center;\"><img loading=\"lazy\" decoding=\"async\" class=\"alignnone size-full wp-image-16349\" src=\"http:\/\/gradadigital.com\/home\/wp-content\/uploads\/2014\/12\/banner_opcion_comentarios_gd.jpg\" alt=\"banner_opcion_comentarios_gd\" width=\"621\" height=\"41\" srcset=\"http:\/\/gradadigital.com\/home\/wp-content\/uploads\/2014\/12\/banner_opcion_comentarios_gd.jpg 621w, http:\/\/gradadigital.com\/home\/wp-content\/uploads\/2014\/12\/banner_opcion_comentarios_gd-300x19.jpg 300w, http:\/\/gradadigital.com\/home\/wp-content\/uploads\/2014\/12\/banner_opcion_comentarios_gd-620x41.jpg 620w\" sizes=\"auto, (max-width: 621px) 100vw, 621px\" \/><\/p>\n<p style=\"text-align: justify;\"><strong>GradaDigital.com &#8211;<\/strong> El Seleccionador Nacional de Venezuela, Noel Sanvicente, ya se encuentra en Espa\u00f1a realizando las visitas programadas con jugadores \u00abVinotintos\u00bb que hacen vida en Europa. Ayer, 10 de enero, Sanvicente convers\u00f3 con Juan Pablo A\u00f1or y Roberto Rosales, jugadores del M\u00e1laga CF, y al d\u00eda siguiente con Jeffren Su\u00e1rez y Dani Hern\u00e1ndez, jugadores del Valladolid<\/p>\n<p style=\"text-align: justify;\">El estratega tiene en agenda encontrarse con varios jugadores de cara a la programaci\u00f3n de actividades en pro del rendimiento \u00abVinotinto\u00bb. Este viaje lo realiza con Napole\u00f3n Centeno, coordinador de la Selecci\u00f3n.<\/p>\n<p style=\"text-align: center;\"><a href=\"https:\/\/play.google.com\/store\/apps\/details?id=com.app.gradadigital\" target=\"_blank\"><img loading=\"lazy\" decoding=\"async\" class=\"alignnone size-full wp-image-15415\" src=\"http:\/\/gradadigital.com\/home\/wp-content\/uploads\/2014\/10\/banner_aplicacion_V2_GRADADIGITAL_17102014.jpg\" alt=\"banner_aplicacion_V2_GRADADIGITAL_17102014\" width=\"620\" height=\"100\" srcset=\"http:\/\/gradadigital.com\/home\/wp-content\/uploads\/2014\/10\/banner_aplicacion_V2_GRADADIGITAL_17102014.jpg 620w, http:\/\/gradadigital.com\/home\/wp-content\/uploads\/2014\/10\/banner_aplicacion_V2_GRADADIGITAL_17102014-300x48.jpg 300w\" sizes=\"auto, (max-width: 620px) 100vw, 620px\" \/><\/a><\/p>\n","protected":false},"excerpt":{"rendered":"<p>GradaDigital.com &#8211; El Seleccionador Nacional de Venezuela, Noel Sanvicente, ya se encuentra en Espa\u00f1a realizando las visitas programadas con jugadores \u00abVinotintos\u00bb que hacen vida en Europa. Ayer, 10 de enero, Sanvicente convers\u00f3 con Juan Pablo A\u00f1or y Roberto Rosales, jugadores del M\u00e1laga CF, y al d\u00eda siguiente con Jeffren Su\u00e1rez y Dani Hern\u00e1ndez, jugadores del &#8230;<\/p>\n","protected":false},"author":4,"featured_media":16791,"comment_status":"closed","ping_status":"closed","sticky":false,"template":"","format":"standard","meta":{"footnotes":""},"categories":[752,36,4,40,3,1],"tags":[],"class_list":["post-16750","post","type-post","status-publish","format-standard","has-post-thumbnail","hentry","category-appgd","category-internacional","category-legionarios","category-seleccion-nacional-mayores","category-seleccion-nacional","category-uncategorized"],"_links":{"self":[{"href":"http:\/\/gradadigital.com\/home\/wp-json\/wp\/v2\/posts\/16750","targetHints":{"allow":["GET"]}}],"collection":[{"href":"http:\/\/gradadigital.com\/home\/wp-json\/wp\/v2\/posts"}],"about":[{"href":"http:\/\/gradadigital.com\/home\/wp-json\/wp\/v2\/types\/post"}],"author":[{"embeddable":true,"href":"http:\/\/gradadigital.com\/home\/wp-json\/wp\/v2\/users\/4"}],"replies":[{"embeddable":true,"href":"http:\/\/gradadigital.com\/home\/wp-json\/wp\/v2\/comments?post=16750"}],"version-history":[{"count":3,"href":"http:\/\/gradadigital.com\/home\/wp-json\/wp\/v2\/posts\/16750\/revisions"}],"predecessor-version":[{"id":16793,"href":"http:\/\/gradadigital.com\/home\/wp-json\/wp\/v2\/posts\/16750\/revisions\/16793"}],"wp:featuredmedia":[{"embeddable":true,"href":"http:\/\/gradadigital.com\/home\/wp-json\/wp\/v2\/media\/16791"}],"wp:attachment":[{"href":"http:\/\/gradadigital.com\/home\/wp-json\/wp\/v2\/media?parent=16750"}],"wp:term":[{"taxonomy":"category","embeddable":true,"href":"http:\/\/gradadigital.com\/home\/wp-json\/wp\/v2\/categories?post=16750"},{"taxonomy":"post_tag","embeddable":true,"href":"http:\/\/gradadigital.com\/home\/wp-json\/wp\/v2\/tags?post=16750"}],"curies":[{"name":"wp","href":"https:\/\/api.w.org\/{rel}","templated":true}]}}