{"id":16718,"date":"2015-01-10T14:43:45","date_gmt":"2015-01-10T19:13:45","guid":{"rendered":"http:\/\/gradadigital.com\/home\/?p=16718"},"modified":"2015-01-10T14:43:45","modified_gmt":"2015-01-10T19:13:45","slug":"carabobo-quiere-pisar-fuerte-en-el-arranque-del-clausura","status":"publish","type":"post","link":"http:\/\/gradadigital.com\/home\/carabobo-quiere-pisar-fuerte-en-el-arranque-del-clausura\/","title":{"rendered":"Carabobo quiere pisar fuerte en el arranque del Clausura"},"content":{"rendered":"<p style=\"text-align: center;\"><img decoding=\"async\" class=\"details-image\" draggable=\"false\" src=\"http:\/\/gradadigital.com\/home\/wp-content\/uploads\/2014\/10\/leo_morales_carabobo_tachira_22102014.jpg\" alt=\"\" \/><\/p>\n<p style=\"text-align: justify;\"><strong>Addrix Delgado \/ Prensa Carabobo FC &#8211;<\/strong> El bal\u00f3n vuelve al ruedo este fin de semana en el balompi\u00e9 nacional y el Carabobo FC iniciar\u00e1 su trayecto recibiendo a Tucanes de Amazonas, bajo duelo correspondiente a la primera jornada del Torneo Clausura 2015 y que se escenificar\u00e1, a las 3:30 de la tarde, en el c\u00e9sped artificial del Polideportivo Misael Delgado de Valencia.<\/p>\n<p style=\"text-align: justify;\">Tras labores arduas de adaptaci\u00f3n e intensidad, los granates vuelven a afrontar un nuevo reto bajo las indicaciones de Jhonny Ferreira y su cuerpo t\u00e9cnico. Los objetivos est\u00e1n trazados y la meta ser\u00e1 ganar un boleto internacional, adem\u00e1s de buscar pelear lo m\u00e1s alto en la tabla bajo la ideolog\u00eda de un f\u00fatbol intenso y r\u00e1pido.<\/p>\n<p style=\"text-align: justify;\">Los carabobe\u00f1os est\u00e1n listos para iniciar el andar del largo camino que se dividir\u00e1 en 17 fechas. Arrancar con el pie derecho, y con pisada fuerte, ser\u00e1 fundamental para lograr obtener un envi\u00f3n an\u00edmico y los primeros tres puntos del semestre.<\/p>\n<p style=\"text-align: justify;\">La divisa industrial cerr\u00f3 el Torneo Apertura 2014 con triunfo (3-2) sobre Estudiantes de M\u00e9rida en el \u00abGigante de la Bol\u00edvar\u00bb, unidades que le sirvieron para ubicarse en la novena casilla de clasificaci\u00f3n con 24 puntos, a tres del Deportivo Anzo\u00e1tegui quien ocup\u00f3 el quinto pelda\u00f1o.<\/p>\n<p style=\"text-align: justify;\">Por otro lado, Tucanes de Amazonas, culmin\u00f3 su semestre con un punto m\u00e1s que la Vinotinto Regional, sin embargo, su cierre de a\u00f1o no fue el m\u00e1s positivo con cuatro contiendas sin ganar (tres derrotas y un empate).<\/p>\n<p style=\"text-align: justify;\">La \u00faltima batalla entre ambas oncenas se disput\u00f3 en el arranque del reciente Apertura, batalla que se escenific\u00f3 en suelo amaz\u00f3nico y culmin\u00f3 con la paridad (1-1) en el pizarr\u00f3n. De igual forma, los dos enfrentamientos anteriores, disputados en la campa\u00f1a 2013-2014, finalizaron con igualdad a cero goles.<\/p>\n<p style=\"text-align: justify;\">Asimismo, los de Puerto Ayacucho no vencen al elenco industrial desde el 06 de noviembre del 2011, aquella vez consiguieron la victoria a trav\u00e9s de Jes\u00fas \u00abPiojo\u00bb Quintero, quien ahora milita en las filas del Carabobo FC. Aquel duelo fue correspondiente a la jornada 12 del Torneo Apertura 2011.<\/p>\n<p style=\"text-align: justify;\">Adem\u00e1s, los dirigidos por Jhonny Ferreira cerraron el semestre reci\u00e9n disputado sin conocer el t\u00e9rmino de la palabra \u00abderrota\u00bb en el Misael Delgado, pues mantuvieron un record de cinco victorias y siete empates entre Copa Venezuela y liga (2PG y 2PE en copa; 3PG y 5PE en liga).<\/p>\n<p style=\"text-align: justify;\"><strong>\u00abSi gana el Carabobo, gana toda la ciudad\u00bb<\/strong><br \/>\nEl capit\u00e1n y guardameta del Carabobo FC, Leo Morales, ha sido una pieza fundamental en cada una de las 53 batallas que ha defendido la porter\u00eda y escudo del granate. Ahora asumir\u00e1 un semestre m\u00e1s con el combinado carabobe\u00f1o en el cual se mantienen las expectativas, bajo la misma filosof\u00eda.<\/p>\n<p style=\"text-align: justify;\"><strong>\u00abVamos a tratar de ganar un cupo internacional, sabiendo que muchos equipos se han reforzado muy bien. Tenemos que luchar, nos quedamos ac\u00e1 porque queremos hacer cosas importantes, Dios quiera que todos lo podamos entender as\u00ed. No es el equipo de Leo Morales o de Jhonny Ferreira, es el equipo de una ciudad y tenemos que sumar para eso\u00bb<\/strong>, coment\u00f3 de entrada el guardameta que tambi\u00e9n ha vestido el vinotinto de la Selecci\u00f3n Nacional.<\/p>\n<p style=\"text-align: justify;\"><strong>\u00abLas energ\u00edas positivas son importante, si gana el Carabobo, gana toda la ciudad, no una persona y eso es lo m\u00e1s importante de este grupo\u00bb<\/strong>, a\u00f1adi\u00f3.<\/p>\n<p style=\"text-align: justify;\">Con respecto al primer oponente del a\u00f1o, Morales expres\u00f3 que <strong>\u00abes un equipo que ven\u00eda haciendo las cosas muy bien, ahora cambi\u00f3 de t\u00e9cnico y siempre tienen un grupo que corre, que mete, tratar\u00e1n hacer su partido ac\u00e1 en nuestra casa. Sin embargo, estamos con la mente puesta en lo que podemos y tenemos que hacer para ganar el partido\u00bb<\/strong>.<\/p>\n<p style=\"text-align: justify;\">El Carabobo FC practic\u00f3 un f\u00fatbol ofensivo, sin importar el nombre del rival o la condici\u00f3n y campo en el que se jugara, es por ello que tuvo excelentes presentaciones y constantes llegadas claras en sus encuentros, no obstante, la definici\u00f3n no le acompa\u00f1\u00f3 para poder haber logrado m\u00e1s victorias.<\/p>\n<p style=\"text-align: justify;\"><strong>\u00abEl torneo pasado se nos hizo esquivo ganar entre casa y carretera, tuvimos muchos empates, hicimos grandes partidos pero no tuvimos la punter\u00eda para concretar los goles\u00bb<\/strong>, explic\u00f3 el experimentado guardameta.<\/p>\n<p style=\"text-align: justify;\"><strong>\u00abSumar de a tres siempre ser\u00e1 importante, comenzando y terminando un torneo, no hay otra. El a\u00f1o pasado perdimos solo tres partidos, el campe\u00f3n tuvo tambi\u00e9n tres derrotas, pero terminamos de novenos por muchos empates, hicimos grandes partidos y no se nos dio, lo importante ahora es ganar\u00bb<\/strong>, asever\u00f3<\/p>\n<p style=\"text-align: justify;\">Asimismo, pese a que los industriales no conocieron la derrota en el Misael, el objetivo ser\u00e1 acumular la mayor cantidad de puntos en casa y mantenerse lo m\u00e1s alto posible en la tabla del Clausura.<\/p>\n<p style=\"text-align: justify;\"><strong>\u00abLas expectativas siguen igual, seguimos con las mismas metas sabiendo que muchos equipos se han reforzado muy bien, pero nosotros tenemos que tener la mentalidad de que proponiendo lo que venimos haciendo podemos lograr cosas importantes\u00bb<\/strong>, sentenci\u00f3 con convicci\u00f3n el cancerbero de 36 a\u00f1os de edad.<\/p>\n<p style=\"text-align: justify;\"><strong>Sin Ocanto, \u201cMono\u201d y Zafra<\/strong><br \/>\nDos referentes como Aquiles \u00abChino\u00bb Ocanto y Carlos \u00abMono\u00bb Su\u00e1rez no podr\u00e1n estar a la disposici\u00f3n del estratega granate, debido a que ambos estar\u00e1n cumpliendo un partido de suspensi\u00f3n tras ser sancionados por ver la cuarta cartulina amarilla, frente a Estudiantes de M\u00e9rida en la \u00faltima fecha del Apertura 2014.<\/p>\n<p style=\"text-align: justify;\">Por otro lado, el defensor tachirense Layneker Zafra, quien hab\u00eda sido anunciado como nueva alta de la Vinotinto Regional se une ahora a la lista de bajas, tras marcharse al Atl\u00e9tico Huila de la m\u00e1xima categor\u00eda del f\u00fatbol colombiano. Aunque la contrataci\u00f3n del jugador ven\u00eda a fortalecer la profundidad en la zona defensiva, el Carabobo FC no se neg\u00f3 en ning\u00fan momento a su salida, ya que apuesta al desarrollo del futbolista venezolano.<\/p>\n<p style=\"text-align: justify;\">Jonathan Rosas, asistente t\u00e9cnico del granate, estar\u00e1 cumpliendo su segundo y \u00faltimo encuentro de suspensi\u00f3n.<\/p>\n<p style=\"text-align: justify;\">El lateral derecho, Gleider Caro, ser\u00e1 operado los pr\u00f3ximos d\u00edas de condromalacia rotuliana, el tiempo de recuperaci\u00f3n ser\u00e1 alrededor de mes y medio.<\/p>\n<p style=\"text-align: justify;\"><strong>Arbitraje<\/strong><br \/>\nEl cuarteto arbitral estar\u00e1 conformado por el principal Jos\u00e9 Rond\u00f3n (Anzo\u00e1tegui), quien contar\u00e1 con la asistencia de Carlos L\u00f3pez y An\u00edbal L\u00f3pez (Aragua). \u00c1ngel Moreno ser\u00e1 el cuarto \u00e1rbitro (Aragua).<\/p>\n","protected":false},"excerpt":{"rendered":"<p>Addrix Delgado \/ Prensa Carabobo FC &#8211; El bal\u00f3n vuelve al ruedo este fin de semana en el balompi\u00e9 nacional y el Carabobo FC iniciar\u00e1 su trayecto recibiendo a Tucanes de Amazonas, bajo duelo correspondiente a la primera jornada del Torneo Clausura 2015 y que se escenificar\u00e1, a las 3:30 de la tarde, en el &#8230;<\/p>\n","protected":false},"author":3,"featured_media":15514,"comment_status":"closed","ping_status":"closed","sticky":false,"template":"","format":"standard","meta":{"footnotes":""},"categories":[752,29,5,31],"tags":[57,215,899,498,61],"class_list":["post-16718","post","type-post","status-publish","format-standard","has-post-thumbnail","hentry","category-appgd","category-carabobo-fc","category-futbol-nacional","category-primera-division","tag-carabobo","tag-jhonny-ferreira","tag-leo-morales","tag-torneo-clausura","tag-tucanes-de-amazonas"],"_links":{"self":[{"href":"http:\/\/gradadigital.com\/home\/wp-json\/wp\/v2\/posts\/16718","targetHints":{"allow":["GET"]}}],"collection":[{"href":"http:\/\/gradadigital.com\/home\/wp-json\/wp\/v2\/posts"}],"about":[{"href":"http:\/\/gradadigital.com\/home\/wp-json\/wp\/v2\/types\/post"}],"author":[{"embeddable":true,"href":"http:\/\/gradadigital.com\/home\/wp-json\/wp\/v2\/users\/3"}],"replies":[{"embeddable":true,"href":"http:\/\/gradadigital.com\/home\/wp-json\/wp\/v2\/comments?post=16718"}],"version-history":[{"count":1,"href":"http:\/\/gradadigital.com\/home\/wp-json\/wp\/v2\/posts\/16718\/revisions"}],"predecessor-version":[{"id":16719,"href":"http:\/\/gradadigital.com\/home\/wp-json\/wp\/v2\/posts\/16718\/revisions\/16719"}],"wp:featuredmedia":[{"embeddable":true,"href":"http:\/\/gradadigital.com\/home\/wp-json\/wp\/v2\/media\/15514"}],"wp:attachment":[{"href":"http:\/\/gradadigital.com\/home\/wp-json\/wp\/v2\/media?parent=16718"}],"wp:term":[{"taxonomy":"category","embeddable":true,"href":"http:\/\/gradadigital.com\/home\/wp-json\/wp\/v2\/categories?post=16718"},{"taxonomy":"post_tag","embeddable":true,"href":"http:\/\/gradadigital.com\/home\/wp-json\/wp\/v2\/tags?post=16718"}],"curies":[{"name":"wp","href":"https:\/\/api.w.org\/{rel}","templated":true}]}}