{"id":16706,"date":"2015-01-10T12:27:24","date_gmt":"2015-01-10T16:57:24","guid":{"rendered":"http:\/\/gradadigital.com\/home\/?p=16706"},"modified":"2015-01-10T12:27:24","modified_gmt":"2015-01-10T16:57:24","slug":"estudiantes-quiere-repetir-la-dosis-ante-caracas","status":"publish","type":"post","link":"http:\/\/gradadigital.com\/home\/estudiantes-quiere-repetir-la-dosis-ante-caracas\/","title":{"rendered":"Estudiantes quiere repetir la dosis ante Caracas"},"content":{"rendered":"<p style=\"text-align: center;\"><img loading=\"lazy\" decoding=\"async\" class=\"alignnone size-full wp-image-14115\" src=\"http:\/\/gradadigital.com\/home\/wp-content\/uploads\/2014\/08\/angel_hernandez_caracas_estudiantes_10082014.jpg\" alt=\"angel_hernandez_caracas_estudiantes_10082014\" width=\"682\" height=\"396\" srcset=\"http:\/\/gradadigital.com\/home\/wp-content\/uploads\/2014\/08\/angel_hernandez_caracas_estudiantes_10082014.jpg 682w, http:\/\/gradadigital.com\/home\/wp-content\/uploads\/2014\/08\/angel_hernandez_caracas_estudiantes_10082014-300x174.jpg 300w\" sizes=\"auto, (max-width: 682px) 100vw, 682px\" \/><\/p>\n<p style=\"text-align: center;\"><img loading=\"lazy\" decoding=\"async\" class=\"alignnone size-full wp-image-16349\" src=\"http:\/\/gradadigital.com\/home\/wp-content\/uploads\/2014\/12\/banner_opcion_comentarios_gd.jpg\" alt=\"banner_opcion_comentarios_gd\" width=\"621\" height=\"41\" srcset=\"http:\/\/gradadigital.com\/home\/wp-content\/uploads\/2014\/12\/banner_opcion_comentarios_gd.jpg 621w, http:\/\/gradadigital.com\/home\/wp-content\/uploads\/2014\/12\/banner_opcion_comentarios_gd-300x19.jpg 300w, http:\/\/gradadigital.com\/home\/wp-content\/uploads\/2014\/12\/banner_opcion_comentarios_gd-620x41.jpg 620w\" sizes=\"auto, (max-width: 621px) 100vw, 621px\" \/><\/p>\n<p style=\"text-align: justify;\"><strong>Claudia Salazar\/Prensa Estudiantes &#8211;\u00a0<\/strong>Para el inicio del Torneo Clausura del F\u00fatbol Profesional Venezolano, en el que Estudiantes se enfrentar\u00e1 al Caracas FC, el equipo rojiblanco buscar\u00e1 hacer valer su condici\u00f3n de local y repetir, el resultado positivo obtenido al arranque del Apertura, donde le gan\u00f3 0-1 a la escuadra capitalina.<\/p>\n<p style=\"text-align: justify;\">Los dirigidos por el profesor Francisco Moreno, llegan a este encuentro con el \u00e1nimo arriba y la confianza por haber logrado cerrar el a\u00f1o de manera positiva, tras alcanzar, seis victorias, seis empates y cinco derrotas, para acumular\u00a0 un total de 24 puntos que los deja en la d\u00e9cima casilla de la liga, la cual les permite so\u00f1ar con una competici\u00f3n internacional.<\/p>\n<p style=\"text-align: justify;\">A pesar de la buena campa\u00f1a, el mediocampista Wislintos Renter\u00eda manifest\u00f3 que \u201csentimos que debemos mejorar la condici\u00f3n de local, pues en el torneo pasado dejamos escapar puntos muy importantes, pero tenemos fe de que si complementamos el trabajo del d\u00eda a d\u00eda con humildad, podemos lograr cosas grandes, pues debemos pensar siempre en lo alto\u201d, sentenci\u00f3 el jugador.<\/p>\n<p style=\"text-align: justify;\"><strong>Refuerzos<\/strong><\/p>\n<p style=\"text-align: justify;\">La escuadra acad\u00e9mica fue una de las que menos contrataciones realiz\u00f3 para este Clausura, situaci\u00f3n que para el t\u00e9cnico Francisco Moreno resulta positiva teniendo en cuenta el buen desempe\u00f1o y el compromiso que la plantilla ha demostrado.<\/p>\n<p style=\"text-align: justify;\">Hasta el momento solo est\u00e1 confirmado el atacante colombiano C\u00e9sar Alzate, quien se incorpor\u00f3 a los entrenamientos de Estudiantes, a comienzos de semana. Asimismo el delantero meride\u00f1o Gustavo P\u00e1ez el cual, particip\u00f3 en las pr\u00e1cticas que el equipo realiz\u00f3 el viernes y el s\u00e1bado, sin embargo a\u00fan no ha sido vinculado legalmente con la instituci\u00f3n.<\/p>\n<p style=\"text-align: center;\"><a href=\"https:\/\/play.google.com\/store\/apps\/details?id=com.app.gradadigital\" target=\"_blank\"><img loading=\"lazy\" decoding=\"async\" class=\"alignnone size-full wp-image-15415\" src=\"http:\/\/gradadigital.com\/home\/wp-content\/uploads\/2014\/10\/banner_aplicacion_V2_GRADADIGITAL_17102014.jpg\" alt=\"banner_aplicacion_V2_GRADADIGITAL_17102014\" width=\"620\" height=\"100\" srcset=\"http:\/\/gradadigital.com\/home\/wp-content\/uploads\/2014\/10\/banner_aplicacion_V2_GRADADIGITAL_17102014.jpg 620w, http:\/\/gradadigital.com\/home\/wp-content\/uploads\/2014\/10\/banner_aplicacion_V2_GRADADIGITAL_17102014-300x48.jpg 300w\" sizes=\"auto, (max-width: 620px) 100vw, 620px\" \/><\/a><\/p>\n","protected":false},"excerpt":{"rendered":"<p>Claudia Salazar\/Prensa Estudiantes &#8211;\u00a0Para el inicio del Torneo Clausura del F\u00fatbol Profesional Venezolano, en el que Estudiantes se enfrentar\u00e1 al Caracas FC, el equipo rojiblanco buscar\u00e1 hacer valer su condici\u00f3n de local y repetir, el resultado positivo obtenido al arranque del Apertura, donde le gan\u00f3 0-1 a la escuadra capitalina. Los dirigidos por el profesor &#8230;<\/p>\n","protected":false},"author":4,"featured_media":14115,"comment_status":"closed","ping_status":"closed","sticky":false,"template":"","format":"standard","meta":{"footnotes":""},"categories":[752,13,5,31],"tags":[],"class_list":["post-16706","post","type-post","status-publish","format-standard","has-post-thumbnail","hentry","category-appgd","category-estudiantes-de-merida","category-futbol-nacional","category-primera-division"],"_links":{"self":[{"href":"http:\/\/gradadigital.com\/home\/wp-json\/wp\/v2\/posts\/16706","targetHints":{"allow":["GET"]}}],"collection":[{"href":"http:\/\/gradadigital.com\/home\/wp-json\/wp\/v2\/posts"}],"about":[{"href":"http:\/\/gradadigital.com\/home\/wp-json\/wp\/v2\/types\/post"}],"author":[{"embeddable":true,"href":"http:\/\/gradadigital.com\/home\/wp-json\/wp\/v2\/users\/4"}],"replies":[{"embeddable":true,"href":"http:\/\/gradadigital.com\/home\/wp-json\/wp\/v2\/comments?post=16706"}],"version-history":[{"count":1,"href":"http:\/\/gradadigital.com\/home\/wp-json\/wp\/v2\/posts\/16706\/revisions"}],"predecessor-version":[{"id":16707,"href":"http:\/\/gradadigital.com\/home\/wp-json\/wp\/v2\/posts\/16706\/revisions\/16707"}],"wp:featuredmedia":[{"embeddable":true,"href":"http:\/\/gradadigital.com\/home\/wp-json\/wp\/v2\/media\/14115"}],"wp:attachment":[{"href":"http:\/\/gradadigital.com\/home\/wp-json\/wp\/v2\/media?parent=16706"}],"wp:term":[{"taxonomy":"category","embeddable":true,"href":"http:\/\/gradadigital.com\/home\/wp-json\/wp\/v2\/categories?post=16706"},{"taxonomy":"post_tag","embeddable":true,"href":"http:\/\/gradadigital.com\/home\/wp-json\/wp\/v2\/tags?post=16706"}],"curies":[{"name":"wp","href":"https:\/\/api.w.org\/{rel}","templated":true}]}}