{"id":16687,"date":"2015-01-09T19:49:49","date_gmt":"2015-01-10T00:19:49","guid":{"rendered":"http:\/\/gradadigital.com\/home\/?p=16687"},"modified":"2015-01-09T19:49:49","modified_gmt":"2015-01-10T00:19:49","slug":"fvf-respalda-medidas-preventivas-del-tachira-y-pide-un-clausura-sin-violencia","status":"publish","type":"post","link":"http:\/\/gradadigital.com\/home\/fvf-respalda-medidas-preventivas-del-tachira-y-pide-un-clausura-sin-violencia\/","title":{"rendered":"FVF respalda medidas preventivas del T\u00e1chira y pide \u00abun Clausura sin violencia\u00bb"},"content":{"rendered":"<p style=\"text-align: center;\"><a href=\"http:\/\/gradadigital.com\/home\/wp-content\/uploads\/2014\/12\/violencia_petare_trujillanos_14122014.jpg\"><img loading=\"lazy\" decoding=\"async\" class=\"alignnone size-full wp-image-16143\" src=\"http:\/\/gradadigital.com\/home\/wp-content\/uploads\/2014\/12\/violencia_petare_trujillanos_14122014.jpg\" alt=\"violencia_petare_trujillanos_14122014\" width=\"682\" height=\"396\" srcset=\"http:\/\/gradadigital.com\/home\/wp-content\/uploads\/2014\/12\/violencia_petare_trujillanos_14122014.jpg 682w, http:\/\/gradadigital.com\/home\/wp-content\/uploads\/2014\/12\/violencia_petare_trujillanos_14122014-300x174.jpg 300w\" sizes=\"auto, (max-width: 682px) 100vw, 682px\" \/><\/a><\/p>\n<p style=\"text-align: justify;\"><strong>PRENSA FVF \/ CARACAS.-\u00a0<\/strong>Este fin de semana dar\u00e1 inicio el Torneo Clausura de la Liga Movistar de la Temporada 2014 \u2013 2015 en la Primera y Segunda Divisi\u00f3n del f\u00fatbol profesional y la Federaci\u00f3n Venezolana de F\u00fatbol\u00a0 apuesta por \u00a0la celebraci\u00f3n de un torneo alejado de hechos violentos.<\/p>\n<p style=\"text-align: justify;\">Invitamos a la afici\u00f3n venezolana a acudir masivamente\u00a0 y en familia a los estadios donde se celebran las 17 jornadas de la divisi\u00f3n de honor y apoyar tambi\u00e9n el Torneo de Ascenso, de donde emerger\u00e1n dos nuevos equipos a la primera categor\u00eda del balompi\u00e9 criollo.<\/p>\n<p style=\"text-align: justify;\">La FVF respalda\u00a0 las medidas preventivas tomadas por el Deportivo T\u00e1chira para garantizar la seguridad y el m\u00e1ximo disfrute de los aficionados aurinegros en las instalaciones del Polideportivo de Pueblo Nuevo, y\u00a0 del mismo modo apoyar\u00e1 todas las iniciativas de los clubes que disputan la Liga Movistar que vayan en funci\u00f3n de un espect\u00e1culo deportivo para disfrutar con alegr\u00eda.<\/p>\n<p style=\"text-align: justify;\">\u201cEl f\u00fatbol es un deporte que despierta pasi\u00f3n en todos sus aficionados que son una parte fundamental en el crecimiento de la disciplina, es por esto que desde la FVF \u00a0exhortamos a todos los fan\u00e1ticos del balompi\u00e9 Vinotinto a ser tolerantes con la afici\u00f3n contraria y a defender sus colores siempre con respeto al rival\u201d, declar\u00f3 el Vicepresidente de la FVF y Presidente de la Comisi\u00f3n de Torneos Nacionales, Laureano Gonz\u00e1lez.<\/p>\n<p style=\"text-align: justify;\">\u00a1Que ruede el bal\u00f3n!<\/p>\n","protected":false},"excerpt":{"rendered":"<p>PRENSA FVF \/ CARACAS.-\u00a0Este fin de semana dar\u00e1 inicio el Torneo Clausura de la Liga Movistar de la Temporada 2014 \u2013 2015 en la Primera y Segunda Divisi\u00f3n del f\u00fatbol profesional y la Federaci\u00f3n Venezolana de F\u00fatbol\u00a0 apuesta por \u00a0la celebraci\u00f3n de un torneo alejado de hechos violentos. Invitamos a la afici\u00f3n venezolana a acudir &#8230;<\/p>\n","protected":false},"author":4,"featured_media":16143,"comment_status":"closed","ping_status":"closed","sticky":false,"template":"","format":"standard","meta":{"footnotes":""},"categories":[752,5,31],"tags":[],"class_list":["post-16687","post","type-post","status-publish","format-standard","has-post-thumbnail","hentry","category-appgd","category-futbol-nacional","category-primera-division"],"_links":{"self":[{"href":"http:\/\/gradadigital.com\/home\/wp-json\/wp\/v2\/posts\/16687","targetHints":{"allow":["GET"]}}],"collection":[{"href":"http:\/\/gradadigital.com\/home\/wp-json\/wp\/v2\/posts"}],"about":[{"href":"http:\/\/gradadigital.com\/home\/wp-json\/wp\/v2\/types\/post"}],"author":[{"embeddable":true,"href":"http:\/\/gradadigital.com\/home\/wp-json\/wp\/v2\/users\/4"}],"replies":[{"embeddable":true,"href":"http:\/\/gradadigital.com\/home\/wp-json\/wp\/v2\/comments?post=16687"}],"version-history":[{"count":1,"href":"http:\/\/gradadigital.com\/home\/wp-json\/wp\/v2\/posts\/16687\/revisions"}],"predecessor-version":[{"id":16688,"href":"http:\/\/gradadigital.com\/home\/wp-json\/wp\/v2\/posts\/16687\/revisions\/16688"}],"wp:featuredmedia":[{"embeddable":true,"href":"http:\/\/gradadigital.com\/home\/wp-json\/wp\/v2\/media\/16143"}],"wp:attachment":[{"href":"http:\/\/gradadigital.com\/home\/wp-json\/wp\/v2\/media?parent=16687"}],"wp:term":[{"taxonomy":"category","embeddable":true,"href":"http:\/\/gradadigital.com\/home\/wp-json\/wp\/v2\/categories?post=16687"},{"taxonomy":"post_tag","embeddable":true,"href":"http:\/\/gradadigital.com\/home\/wp-json\/wp\/v2\/tags?post=16687"}],"curies":[{"name":"wp","href":"https:\/\/api.w.org\/{rel}","templated":true}]}}