{"id":16663,"date":"2015-01-09T13:49:52","date_gmt":"2015-01-09T18:19:52","guid":{"rendered":"http:\/\/gradadigital.com\/home\/?p=16663"},"modified":"2015-01-09T13:55:01","modified_gmt":"2015-01-09T18:25:01","slug":"andres-ponce-me-unire-con-la-sampdoria-eso-esta-listo","status":"publish","type":"post","link":"http:\/\/gradadigital.com\/home\/andres-ponce-me-unire-con-la-sampdoria-eso-esta-listo\/","title":{"rendered":"Andr\u00e9s Ponce: \u00abMe unir\u00e9 con la Sampdoria, eso est\u00e1 listo\u00bb"},"content":{"rendered":"<p style=\"text-align: center;\"><img loading=\"lazy\" decoding=\"async\" class=\"alignnone size-full wp-image-16664\" src=\"http:\/\/gradadigital.com\/home\/wp-content\/uploads\/2015\/01\/andres_ponce_venezuela_09012015.jpg\" alt=\"andres_ponce_venezuela_09012015\" width=\"682\" height=\"396\" srcset=\"http:\/\/gradadigital.com\/home\/wp-content\/uploads\/2015\/01\/andres_ponce_venezuela_09012015.jpg 682w, http:\/\/gradadigital.com\/home\/wp-content\/uploads\/2015\/01\/andres_ponce_venezuela_09012015-300x174.jpg 300w\" sizes=\"auto, (max-width: 682px) 100vw, 682px\" \/><\/p>\n<p style=\"text-align: center;\"><img loading=\"lazy\" decoding=\"async\" class=\"alignnone size-full wp-image-16349\" src=\"http:\/\/gradadigital.com\/home\/wp-content\/uploads\/2014\/12\/banner_opcion_comentarios_gd.jpg\" alt=\"banner_opcion_comentarios_gd\" width=\"621\" height=\"41\" srcset=\"http:\/\/gradadigital.com\/home\/wp-content\/uploads\/2014\/12\/banner_opcion_comentarios_gd.jpg 621w, http:\/\/gradadigital.com\/home\/wp-content\/uploads\/2014\/12\/banner_opcion_comentarios_gd-300x19.jpg 300w, http:\/\/gradadigital.com\/home\/wp-content\/uploads\/2014\/12\/banner_opcion_comentarios_gd-620x41.jpg 620w\" sizes=\"auto, (max-width: 621px) 100vw, 621px\" \/><\/p>\n<p style=\"text-align: justify;\"><strong>GradaDigital.com &#8211;<\/strong> El joven jugador y seleccionado \u00abVinotinto\u00bb para el Sudamericano Sub-20, Andr\u00e9s Ponce, confirm\u00f3 en rueda de prensa efectuada en la Federaci\u00f3n Venezolana de F\u00fatbol su vinculaci\u00f3n con la Sampdoria de Italia. <strong>\u00abEso est\u00e1 listo\u00bb<\/strong>, expres\u00f3 el delantero. <strong>\u00abMe voy apenas termine el sudamericano\u00bb<\/strong>.<\/p>\n<p style=\"text-align: justify;\">El jugador que se hizo presente en un acto en la sede de Sabana Grande antes de partir al Sudamericano con sus compa\u00f1eros, resalt\u00f3 que <strong>\u00abestuve tres d\u00edas en el club en Italia haciendo las pruebas m\u00e9dicas y conociendo sus instalaciones\u00bb.<\/strong><\/p>\n<p style=\"text-align: center;\"><a href=\"https:\/\/play.google.com\/store\/apps\/details?id=com.app.gradadigital\" target=\"_blank\"><img loading=\"lazy\" decoding=\"async\" class=\"alignnone size-full wp-image-15415\" src=\"http:\/\/gradadigital.com\/home\/wp-content\/uploads\/2014\/10\/banner_aplicacion_V2_GRADADIGITAL_17102014.jpg\" alt=\"banner_aplicacion_V2_GRADADIGITAL_17102014\" width=\"620\" height=\"100\" srcset=\"http:\/\/gradadigital.com\/home\/wp-content\/uploads\/2014\/10\/banner_aplicacion_V2_GRADADIGITAL_17102014.jpg 620w, http:\/\/gradadigital.com\/home\/wp-content\/uploads\/2014\/10\/banner_aplicacion_V2_GRADADIGITAL_17102014-300x48.jpg 300w\" sizes=\"auto, (max-width: 620px) 100vw, 620px\" \/><\/a><\/p>\n","protected":false},"excerpt":{"rendered":"<p>GradaDigital.com &#8211; El joven jugador y seleccionado \u00abVinotinto\u00bb para el Sudamericano Sub-20, Andr\u00e9s Ponce, confirm\u00f3 en rueda de prensa efectuada en la Federaci\u00f3n Venezolana de F\u00fatbol su vinculaci\u00f3n con la Sampdoria de Italia. \u00abEso est\u00e1 listo\u00bb, expres\u00f3 el delantero. \u00abMe voy apenas termine el sudamericano\u00bb. El jugador que se hizo presente en un acto en &#8230;<\/p>\n","protected":false},"author":4,"featured_media":16664,"comment_status":"closed","ping_status":"closed","sticky":false,"template":"","format":"standard","meta":{"footnotes":""},"categories":[752,11,36,4],"tags":[],"class_list":["post-16663","post","type-post","status-publish","format-standard","has-post-thumbnail","hentry","category-appgd","category-deportivo-tachira","category-internacional","category-legionarios"],"_links":{"self":[{"href":"http:\/\/gradadigital.com\/home\/wp-json\/wp\/v2\/posts\/16663","targetHints":{"allow":["GET"]}}],"collection":[{"href":"http:\/\/gradadigital.com\/home\/wp-json\/wp\/v2\/posts"}],"about":[{"href":"http:\/\/gradadigital.com\/home\/wp-json\/wp\/v2\/types\/post"}],"author":[{"embeddable":true,"href":"http:\/\/gradadigital.com\/home\/wp-json\/wp\/v2\/users\/4"}],"replies":[{"embeddable":true,"href":"http:\/\/gradadigital.com\/home\/wp-json\/wp\/v2\/comments?post=16663"}],"version-history":[{"count":4,"href":"http:\/\/gradadigital.com\/home\/wp-json\/wp\/v2\/posts\/16663\/revisions"}],"predecessor-version":[{"id":16668,"href":"http:\/\/gradadigital.com\/home\/wp-json\/wp\/v2\/posts\/16663\/revisions\/16668"}],"wp:featuredmedia":[{"embeddable":true,"href":"http:\/\/gradadigital.com\/home\/wp-json\/wp\/v2\/media\/16664"}],"wp:attachment":[{"href":"http:\/\/gradadigital.com\/home\/wp-json\/wp\/v2\/media?parent=16663"}],"wp:term":[{"taxonomy":"category","embeddable":true,"href":"http:\/\/gradadigital.com\/home\/wp-json\/wp\/v2\/categories?post=16663"},{"taxonomy":"post_tag","embeddable":true,"href":"http:\/\/gradadigital.com\/home\/wp-json\/wp\/v2\/tags?post=16663"}],"curies":[{"name":"wp","href":"https:\/\/api.w.org\/{rel}","templated":true}]}}