{"id":16634,"date":"2015-01-08T12:08:11","date_gmt":"2015-01-08T16:38:11","guid":{"rendered":"http:\/\/gradadigital.com\/home\/?p=16634"},"modified":"2015-01-08T12:08:11","modified_gmt":"2015-01-08T16:38:11","slug":"aristeguieta-ya-se-entrena-con-su-nuevo-equipo-en-espana","status":"publish","type":"post","link":"http:\/\/gradadigital.com\/home\/aristeguieta-ya-se-entrena-con-su-nuevo-equipo-en-espana\/","title":{"rendered":"Aristeguieta ya se entrena con su nuevo equipo en Espa\u00f1a"},"content":{"rendered":"<p style=\"text-align: center;\"><img loading=\"lazy\" decoding=\"async\" class=\"alignnone size-full wp-image-16635\" src=\"http:\/\/gradadigital.com\/home\/wp-content\/uploads\/2015\/01\/fernando_aristeguieta_entrenamiento_getafe_08012015.jpg\" alt=\"fernando_aristeguieta_entrenamiento_getafe_08012015\" width=\"682\" height=\"396\" srcset=\"http:\/\/gradadigital.com\/home\/wp-content\/uploads\/2015\/01\/fernando_aristeguieta_entrenamiento_getafe_08012015.jpg 682w, http:\/\/gradadigital.com\/home\/wp-content\/uploads\/2015\/01\/fernando_aristeguieta_entrenamiento_getafe_08012015-300x174.jpg 300w\" sizes=\"auto, (max-width: 682px) 100vw, 682px\" \/><\/p>\n<p style=\"text-align: center;\"><img loading=\"lazy\" decoding=\"async\" class=\"alignnone size-full wp-image-16349\" src=\"http:\/\/gradadigital.com\/home\/wp-content\/uploads\/2014\/12\/banner_opcion_comentarios_gd.jpg\" alt=\"banner_opcion_comentarios_gd\" width=\"621\" height=\"41\" srcset=\"http:\/\/gradadigital.com\/home\/wp-content\/uploads\/2014\/12\/banner_opcion_comentarios_gd.jpg 621w, http:\/\/gradadigital.com\/home\/wp-content\/uploads\/2014\/12\/banner_opcion_comentarios_gd-300x19.jpg 300w, http:\/\/gradadigital.com\/home\/wp-content\/uploads\/2014\/12\/banner_opcion_comentarios_gd-620x41.jpg 620w\" sizes=\"auto, (max-width: 621px) 100vw, 621px\" \/><\/p>\n<p style=\"text-align: justify;\"><strong>EFE, Getafe &#8211;<\/strong> El defensa Juan Cala y el delantero venezolano Fernando Aristeguieta, nuevos fichajes del Getafe, completaron este jueves su primer entrenamiento con el conjunto madrile\u00f1o a las \u00f3rdenes de Quique S\u00e1nchez Flores, que dirigi\u00f3 su tercera sesi\u00f3n de trabajo desde que es entrenador de cuadro azul\u00f3n.<\/p>\n<p style=\"text-align: justify;\">Cala y Aristeguieta fueron las dos principales novedades en la vuelta al trabajo del Getafe tras el empate (1-1) que logr\u00f3 este mi\u00e9rcoles ante el Almer\u00eda en el estadio de los Juegos Mediterr\u00e1neos, que acogi\u00f3 la ida de los octavos de final de la Copa del Rey.<\/p>\n<p style=\"text-align: justify;\">Fue el primer resultado oficial de Quique S\u00e1nchez Flores en su segunda etapa en el club una d\u00e9cada despu\u00e9s de terminar la primera. El marcador, favorable a los intereses del Getafe para el choque de vuelta, ya ha sido olvidado con rapidez porque el club se quiere centrar en el pr\u00f3ximo encuentro de la Liga BBVA que jugar\u00e1 ante el Eibar el pr\u00f3ximo s\u00e1bado a las 22:00 en Ipurua.<\/p>\n<p style=\"text-align: justify;\">Quique ya tiene dos efectivos m\u00e1s que sumar a sus convocatorias. El t\u00e9cnico madrile\u00f1o lo agradecer\u00e1 por el n\u00famero de bajas que tiene en su plantilla. Las m\u00e1s serias, las de \u00c1ngel Lafita y Bab\u00e1 Diawara, que mantendr\u00e1 a ambos seis y tres meses respectivamente alejados de los terrenos de juego, provocaron, junto a la salida de Michel Herrero, el fichaje de Cala y Aristeguieta.<\/p>\n<p style=\"text-align: justify;\">Pero las de Lafita y Bab\u00e1 no son las dos \u00fanicas bajas que puede tener el Getafe para el pr\u00f3ximo encuentro. Vicente Guaita y Sergio Escudero son duda para el choque ante el Eibar. Los dos se lesionaron durante el partido ante el Rayo Vallecano y el primero tiene un esguince leve en una rodilla y el segundo un golpe en la cadera.<\/p>\n<p style=\"text-align: justify;\">Quique tiene dos d\u00edas para recuperar efectivos y para que Cala y Aristeguieta se acomoden a la din\u00e1mica de grupo. Adem\u00e1s, en los pr\u00f3ximos d\u00edas, el Getafe podr\u00eda firmar a otro futbolista. En estos momentos se encuentra sondeando el mercado para fichar a un medio centro.<\/p>\n<p style=\"text-align: justify;\">La marcha de M\u00edchel Herrero a China y de Mehdli Lacen a la Copa de \u00c1frica, obligan al club a incorporar a otro efectivo m\u00e1s a una plantilla que necesita romper su mala racha en la Liga. En total, el Getafe encadena siete partidos consecutivos sin conocer la victoria y no quiere llegar hasta ocho partidos sin sumar tres puntos de golpe. El s\u00e1bado, tendr\u00e1 la opci\u00f3n de romper esa racha en Eibar.<\/p>\n<p style=\"text-align: center;\"><a href=\"https:\/\/play.google.com\/store\/apps\/details?id=com.app.gradadigital\" target=\"_blank\"><img loading=\"lazy\" decoding=\"async\" class=\"alignnone size-full wp-image-15415\" src=\"http:\/\/gradadigital.com\/home\/wp-content\/uploads\/2014\/10\/banner_aplicacion_V2_GRADADIGITAL_17102014.jpg\" alt=\"banner_aplicacion_V2_GRADADIGITAL_17102014\" width=\"620\" height=\"100\" srcset=\"http:\/\/gradadigital.com\/home\/wp-content\/uploads\/2014\/10\/banner_aplicacion_V2_GRADADIGITAL_17102014.jpg 620w, http:\/\/gradadigital.com\/home\/wp-content\/uploads\/2014\/10\/banner_aplicacion_V2_GRADADIGITAL_17102014-300x48.jpg 300w\" sizes=\"auto, (max-width: 620px) 100vw, 620px\" \/><\/a><\/p>\n","protected":false},"excerpt":{"rendered":"<p>EFE, Getafe &#8211; El defensa Juan Cala y el delantero venezolano Fernando Aristeguieta, nuevos fichajes del Getafe, completaron este jueves su primer entrenamiento con el conjunto madrile\u00f1o a las \u00f3rdenes de Quique S\u00e1nchez Flores, que dirigi\u00f3 su tercera sesi\u00f3n de trabajo desde que es entrenador de cuadro azul\u00f3n. Cala y Aristeguieta fueron las dos principales &#8230;<\/p>\n","protected":false},"author":4,"featured_media":16635,"comment_status":"closed","ping_status":"closed","sticky":false,"template":"","format":"standard","meta":{"footnotes":""},"categories":[752,36,4],"tags":[],"class_list":["post-16634","post","type-post","status-publish","format-standard","has-post-thumbnail","hentry","category-appgd","category-internacional","category-legionarios"],"_links":{"self":[{"href":"http:\/\/gradadigital.com\/home\/wp-json\/wp\/v2\/posts\/16634","targetHints":{"allow":["GET"]}}],"collection":[{"href":"http:\/\/gradadigital.com\/home\/wp-json\/wp\/v2\/posts"}],"about":[{"href":"http:\/\/gradadigital.com\/home\/wp-json\/wp\/v2\/types\/post"}],"author":[{"embeddable":true,"href":"http:\/\/gradadigital.com\/home\/wp-json\/wp\/v2\/users\/4"}],"replies":[{"embeddable":true,"href":"http:\/\/gradadigital.com\/home\/wp-json\/wp\/v2\/comments?post=16634"}],"version-history":[{"count":1,"href":"http:\/\/gradadigital.com\/home\/wp-json\/wp\/v2\/posts\/16634\/revisions"}],"predecessor-version":[{"id":16636,"href":"http:\/\/gradadigital.com\/home\/wp-json\/wp\/v2\/posts\/16634\/revisions\/16636"}],"wp:featuredmedia":[{"embeddable":true,"href":"http:\/\/gradadigital.com\/home\/wp-json\/wp\/v2\/media\/16635"}],"wp:attachment":[{"href":"http:\/\/gradadigital.com\/home\/wp-json\/wp\/v2\/media?parent=16634"}],"wp:term":[{"taxonomy":"category","embeddable":true,"href":"http:\/\/gradadigital.com\/home\/wp-json\/wp\/v2\/categories?post=16634"},{"taxonomy":"post_tag","embeddable":true,"href":"http:\/\/gradadigital.com\/home\/wp-json\/wp\/v2\/tags?post=16634"}],"curies":[{"name":"wp","href":"https:\/\/api.w.org\/{rel}","templated":true}]}}