{"id":16595,"date":"2015-01-07T11:06:40","date_gmt":"2015-01-07T15:36:40","guid":{"rendered":"http:\/\/gradadigital.com\/home\/?p=16595"},"modified":"2015-01-07T11:09:40","modified_gmt":"2015-01-07T15:39:40","slug":"alexis-angulo-ya-tiene-equipo-en-primera","status":"publish","type":"post","link":"http:\/\/gradadigital.com\/home\/alexis-angulo-ya-tiene-equipo-en-primera\/","title":{"rendered":"Alexis Angulo ya tiene equipo en Primera"},"content":{"rendered":"<p style=\"text-align: center;\"><a href=\"http:\/\/gradadigital.com\/home\/wp-content\/uploads\/2014\/05\/alexis_angulo_zamora_mineros_18052014.jpg\"><img loading=\"lazy\" decoding=\"async\" class=\"alignnone size-full wp-image-12158\" src=\"http:\/\/gradadigital.com\/home\/wp-content\/uploads\/2014\/05\/alexis_angulo_zamora_mineros_18052014.jpg\" alt=\"alexis_angulo_zamora_mineros_18052014\" width=\"596\" height=\"346\" srcset=\"http:\/\/gradadigital.com\/home\/wp-content\/uploads\/2014\/05\/alexis_angulo_zamora_mineros_18052014.jpg 596w, http:\/\/gradadigital.com\/home\/wp-content\/uploads\/2014\/05\/alexis_angulo_zamora_mineros_18052014-300x174.jpg 300w\" sizes=\"auto, (max-width: 596px) 100vw, 596px\" \/><\/a><\/p>\n<p style=\"text-align: justify;\"><strong>Alan Navarro | PRENSA METROPOLITANOS FC.- <\/strong>Con los objetivos claros y trabajando en aras de seguir creciendo como equipo, Metropolitanos FC anuncia sus primeros movimientos de jugadores de cara al venidero semestre en la m\u00e1xima categor\u00eda del f\u00fatbol profesional venezolano.<\/p>\n<p style=\"text-align: justify;\">Alexis Angulo se convierte en el primer fichaje y llega al equipo capitalino con un contrato por los pr\u00f3ximos seis meses, uni\u00e9ndose al plantel y estando a la orden del cuerpo t\u00e9cnico desde el pasado viernes 26 de diciembre, cuando se inici\u00f3 la pretemporada en la sede deportiva ubicada en la Universidad Santa Mar\u00eda de Caracas.<\/p>\n<p style=\"text-align: justify;\">En su \u00faltima aparici\u00f3n en Primera Divisi\u00f3n, sum\u00f3 un total de 3240 minutos, todos en calidad de titular que le valieron para ser campe\u00f3n. Experiencia que se une al plantel capitalino para luchar en pro de los objetivos trazados y seguir dejando huella en el f\u00fatbol profesional venezolano.<\/p>\n<p style=\"text-align: justify;\">Alexis no ocult\u00f3 su emoci\u00f3n de vestir los colores de Metropolitanos FC. <strong>\u201cAgradecido con la junta directiva y el cuerpo t\u00e9cnico de darme la oportunidad de pertenecer al equipo. Grandes jugadores con aspiraciones importantes, mantener el equipo en Primera y aportar mi granito de arena para echar el equipo hacia adelante para conseguir los objetivos\u201d.<\/strong><\/p>\n<p style=\"text-align: justify;\">El guardameta finaliz\u00f3 dejando bien claro sus aspiraciones. <strong>\u201cVamos a luchar y trabajar, los 18 equipos tienen objetivos de salir campe\u00f3n y conquistar un cupo a una copa internacional y bueno, \u00bfPor qu\u00e9 no Metropolitanos?&#8230; Claro que se puede, todo queda de parte de nosotros y trabajar para lo que se quiere\u201d.<\/strong><\/p>\n<p style=\"text-align: justify;\">En el Torneo Clausura que dar\u00e1 inicio el pr\u00f3ximo s\u00e1bado 10 de enero ante Mineros de Guayana, el guardameta vestir\u00e1 con el dorsal 12.<\/p>\n","protected":false},"excerpt":{"rendered":"<p>Alan Navarro | PRENSA METROPOLITANOS FC.- Con los objetivos claros y trabajando en aras de seguir creciendo como equipo, Metropolitanos FC anuncia sus primeros movimientos de jugadores de cara al venidero semestre en la m\u00e1xima categor\u00eda del f\u00fatbol profesional venezolano. Alexis Angulo se convierte en el primer fichaje y llega al equipo capitalino con un &#8230;<\/p>\n","protected":false},"author":4,"featured_media":12158,"comment_status":"closed","ping_status":"closed","sticky":false,"template":"","format":"standard","meta":{"footnotes":""},"categories":[752,5,746,31],"tags":[],"class_list":["post-16595","post","type-post","status-publish","format-standard","has-post-thumbnail","hentry","category-appgd","category-futbol-nacional","category-metropolitanos-fc","category-primera-division"],"_links":{"self":[{"href":"http:\/\/gradadigital.com\/home\/wp-json\/wp\/v2\/posts\/16595","targetHints":{"allow":["GET"]}}],"collection":[{"href":"http:\/\/gradadigital.com\/home\/wp-json\/wp\/v2\/posts"}],"about":[{"href":"http:\/\/gradadigital.com\/home\/wp-json\/wp\/v2\/types\/post"}],"author":[{"embeddable":true,"href":"http:\/\/gradadigital.com\/home\/wp-json\/wp\/v2\/users\/4"}],"replies":[{"embeddable":true,"href":"http:\/\/gradadigital.com\/home\/wp-json\/wp\/v2\/comments?post=16595"}],"version-history":[{"count":2,"href":"http:\/\/gradadigital.com\/home\/wp-json\/wp\/v2\/posts\/16595\/revisions"}],"predecessor-version":[{"id":16597,"href":"http:\/\/gradadigital.com\/home\/wp-json\/wp\/v2\/posts\/16595\/revisions\/16597"}],"wp:featuredmedia":[{"embeddable":true,"href":"http:\/\/gradadigital.com\/home\/wp-json\/wp\/v2\/media\/12158"}],"wp:attachment":[{"href":"http:\/\/gradadigital.com\/home\/wp-json\/wp\/v2\/media?parent=16595"}],"wp:term":[{"taxonomy":"category","embeddable":true,"href":"http:\/\/gradadigital.com\/home\/wp-json\/wp\/v2\/categories?post=16595"},{"taxonomy":"post_tag","embeddable":true,"href":"http:\/\/gradadigital.com\/home\/wp-json\/wp\/v2\/tags?post=16595"}],"curies":[{"name":"wp","href":"https:\/\/api.w.org\/{rel}","templated":true}]}}