{"id":16526,"date":"2015-01-05T14:48:36","date_gmt":"2015-01-05T19:18:36","guid":{"rendered":"http:\/\/gradadigital.com\/home\/?p=16526"},"modified":"2015-01-05T14:52:56","modified_gmt":"2015-01-05T19:22:56","slug":"caracas-fc-oficializo-al-defensor-marcelo-barrena","status":"publish","type":"post","link":"http:\/\/gradadigital.com\/home\/caracas-fc-oficializo-al-defensor-marcelo-barrena\/","title":{"rendered":"+VIDEO | Caracas FC oficializ\u00f3 al defensor Marcelo Barre\u00f1a"},"content":{"rendered":"<p style=\"text-align: center;\"><img loading=\"lazy\" decoding=\"async\" class=\"alignnone size-full wp-image-16527\" src=\"http:\/\/gradadigital.com\/home\/wp-content\/uploads\/2015\/01\/marcelo_barrena_caracas_05012015_2.jpg\" alt=\"marcelo_barrena_caracas_05012015_2\" width=\"682\" height=\"396\" srcset=\"http:\/\/gradadigital.com\/home\/wp-content\/uploads\/2015\/01\/marcelo_barrena_caracas_05012015_2.jpg 682w, http:\/\/gradadigital.com\/home\/wp-content\/uploads\/2015\/01\/marcelo_barrena_caracas_05012015_2-300x174.jpg 300w\" sizes=\"auto, (max-width: 682px) 100vw, 682px\" \/><\/p>\n<p style=\"text-align: center;\"><img loading=\"lazy\" decoding=\"async\" class=\"alignnone size-full wp-image-16349\" src=\"http:\/\/gradadigital.com\/home\/wp-content\/uploads\/2014\/12\/banner_opcion_comentarios_gd.jpg\" alt=\"banner_opcion_comentarios_gd\" width=\"621\" height=\"41\" srcset=\"http:\/\/gradadigital.com\/home\/wp-content\/uploads\/2014\/12\/banner_opcion_comentarios_gd.jpg 621w, http:\/\/gradadigital.com\/home\/wp-content\/uploads\/2014\/12\/banner_opcion_comentarios_gd-300x19.jpg 300w, http:\/\/gradadigital.com\/home\/wp-content\/uploads\/2014\/12\/banner_opcion_comentarios_gd-620x41.jpg 620w\" sizes=\"auto, (max-width: 621px) 100vw, 621px\" \/><\/p>\n<p style=\"text-align: justify;\"><strong>GradaDigital.com &#8211;<\/strong> En horas de la ma\u00f1ana, <span style=\"color: #000080;\"><a style=\"color: #000080;\" href=\"http:\/\/gradadigital.com\/home\/este-es-el-nuevo-fichaje-del-caracas-fc-para-la-defensa\/\" target=\"_blank\">informamos que el Caracas FC ya hab\u00eda logrado conseguir el defensor que buscaba<\/a><\/span>, noticia que ya oficializ\u00f3 la instituci\u00f3n en horas de la tarde. Marcelo Barre\u00f1a ya fue presentado por el club capitalino quien tendr\u00e1 contrato hasta el 31 de mayo del a\u00f1o en curso (Clausura).<\/p>\n<p style=\"text-align: justify;\">Barre\u00f1a tiene 27 a\u00f1os de edad y se ha desempe\u00f1ado en los clubes de\u00a0Nueva Chicago, Ben Hur, Olimpo, Gimnasia y Esgrima, Crucero del Norte, Juventud Antoniana y Deportivo Santamarino\u00a0y sin poseer\u00a0experiencia internacional. El jugador es el segundo refuerzo de los \u00abRojos\u00bb tras el arribo del delantero Diomar D\u00edaz.<\/p>\n<iframe loading=\"lazy\" width=\"620\" height=\"340\" src=\"http:\/\/www.youtube.com\/embed\/mfdn_TnIr4s?rel=0\" frameborder=\"0\" allowfullscreen><\/iframe>\n<blockquote class=\"twitter-tweet\" lang=\"es\"><p><a href=\"https:\/\/twitter.com\/hashtag\/PrimeraCFC?src=hash\">#PrimeraCFC<\/a> | El defensor argentino Marcelo Dar\u00edo Barre\u00f1a (27 a\u00f1os) es el segundo refuerzo para el Clausura 2015. <a href=\"http:\/\/t.co\/uSWxSn99M3\">pic.twitter.com\/uSWxSn99M3<\/a><\/p>\n<p>\u2014 Caracas F\u00fatbol Club (@Caracas_FC) <a href=\"https:\/\/twitter.com\/Caracas_FC\/status\/552173642973728768\">enero 5, 2015<\/a><\/p><\/blockquote>\n<p style=\"text-align: center;\"><script src=\"\/\/platform.twitter.com\/widgets.js\" async=\"\" charset=\"utf-8\"><\/script><br \/>\n<a href=\"https:\/\/play.google.com\/store\/apps\/details?id=com.app.gradadigital\" target=\"_blank\"><img loading=\"lazy\" decoding=\"async\" class=\"alignnone size-full wp-image-15415\" src=\"http:\/\/gradadigital.com\/home\/wp-content\/uploads\/2014\/10\/banner_aplicacion_V2_GRADADIGITAL_17102014.jpg\" alt=\"banner_aplicacion_V2_GRADADIGITAL_17102014\" width=\"620\" height=\"100\" srcset=\"http:\/\/gradadigital.com\/home\/wp-content\/uploads\/2014\/10\/banner_aplicacion_V2_GRADADIGITAL_17102014.jpg 620w, http:\/\/gradadigital.com\/home\/wp-content\/uploads\/2014\/10\/banner_aplicacion_V2_GRADADIGITAL_17102014-300x48.jpg 300w\" sizes=\"auto, (max-width: 620px) 100vw, 620px\" \/><\/a><\/p>\n","protected":false},"excerpt":{"rendered":"<p>GradaDigital.com &#8211; En horas de la ma\u00f1ana, informamos que el Caracas FC ya hab\u00eda logrado conseguir el defensor que buscaba, noticia que ya oficializ\u00f3 la instituci\u00f3n en horas de la tarde. Marcelo Barre\u00f1a ya fue presentado por el club capitalino quien tendr\u00e1 contrato hasta el 31 de mayo del a\u00f1o en curso (Clausura). Barre\u00f1a tiene &#8230;<\/p>\n","protected":false},"author":4,"featured_media":16527,"comment_status":"closed","ping_status":"closed","sticky":false,"template":"","format":"standard","meta":{"footnotes":""},"categories":[752,9,5,31],"tags":[],"class_list":["post-16526","post","type-post","status-publish","format-standard","has-post-thumbnail","hentry","category-appgd","category-caracas-fc","category-futbol-nacional","category-primera-division"],"_links":{"self":[{"href":"http:\/\/gradadigital.com\/home\/wp-json\/wp\/v2\/posts\/16526","targetHints":{"allow":["GET"]}}],"collection":[{"href":"http:\/\/gradadigital.com\/home\/wp-json\/wp\/v2\/posts"}],"about":[{"href":"http:\/\/gradadigital.com\/home\/wp-json\/wp\/v2\/types\/post"}],"author":[{"embeddable":true,"href":"http:\/\/gradadigital.com\/home\/wp-json\/wp\/v2\/users\/4"}],"replies":[{"embeddable":true,"href":"http:\/\/gradadigital.com\/home\/wp-json\/wp\/v2\/comments?post=16526"}],"version-history":[{"count":4,"href":"http:\/\/gradadigital.com\/home\/wp-json\/wp\/v2\/posts\/16526\/revisions"}],"predecessor-version":[{"id":16531,"href":"http:\/\/gradadigital.com\/home\/wp-json\/wp\/v2\/posts\/16526\/revisions\/16531"}],"wp:featuredmedia":[{"embeddable":true,"href":"http:\/\/gradadigital.com\/home\/wp-json\/wp\/v2\/media\/16527"}],"wp:attachment":[{"href":"http:\/\/gradadigital.com\/home\/wp-json\/wp\/v2\/media?parent=16526"}],"wp:term":[{"taxonomy":"category","embeddable":true,"href":"http:\/\/gradadigital.com\/home\/wp-json\/wp\/v2\/categories?post=16526"},{"taxonomy":"post_tag","embeddable":true,"href":"http:\/\/gradadigital.com\/home\/wp-json\/wp\/v2\/tags?post=16526"}],"curies":[{"name":"wp","href":"https:\/\/api.w.org\/{rel}","templated":true}]}}