{"id":16443,"date":"2015-01-03T12:14:51","date_gmt":"2015-01-03T16:44:51","guid":{"rendered":"http:\/\/gradadigital.com\/home\/?p=16443"},"modified":"2015-01-03T12:14:51","modified_gmt":"2015-01-03T16:44:51","slug":"estudiantes-arranco-pretemporada-con-una-baja","status":"publish","type":"post","link":"http:\/\/gradadigital.com\/home\/estudiantes-arranco-pretemporada-con-una-baja\/","title":{"rendered":"Estudiantes arranc\u00f3 pretemporada con una baja"},"content":{"rendered":"<p style=\"text-align: center;\"><img loading=\"lazy\" decoding=\"async\" class=\"alignnone size-full wp-image-16444\" src=\"http:\/\/gradadigital.com\/home\/wp-content\/uploads\/2015\/01\/estudiantes_entrenamiento_03012015.jpg\" alt=\"estudiantes_entrenamiento_03012015\" width=\"682\" height=\"396\" srcset=\"http:\/\/gradadigital.com\/home\/wp-content\/uploads\/2015\/01\/estudiantes_entrenamiento_03012015.jpg 682w, http:\/\/gradadigital.com\/home\/wp-content\/uploads\/2015\/01\/estudiantes_entrenamiento_03012015-300x174.jpg 300w\" sizes=\"auto, (max-width: 682px) 100vw, 682px\" \/><\/p>\n<p style=\"text-align: center;\"><img loading=\"lazy\" decoding=\"async\" class=\"alignnone size-full wp-image-16349\" src=\"http:\/\/gradadigital.com\/home\/wp-content\/uploads\/2014\/12\/banner_opcion_comentarios_gd.jpg\" alt=\"banner_opcion_comentarios_gd\" width=\"621\" height=\"41\" srcset=\"http:\/\/gradadigital.com\/home\/wp-content\/uploads\/2014\/12\/banner_opcion_comentarios_gd.jpg 621w, http:\/\/gradadigital.com\/home\/wp-content\/uploads\/2014\/12\/banner_opcion_comentarios_gd-300x19.jpg 300w, http:\/\/gradadigital.com\/home\/wp-content\/uploads\/2014\/12\/banner_opcion_comentarios_gd-620x41.jpg 620w\" sizes=\"auto, (max-width: 621px) 100vw, 621px\" \/><\/p>\n<p style=\"text-align: justify;\"><strong>Oscar Madrid\/ Prensa Estudiantes &#8211;\u00a0<\/strong>El equipo Estudiantes de M\u00e9rida reinici\u00f3 el viernes 2 de enero, en horas de la tarde los entrenamientos de pretemporada en el estadio Guillermo Soto Rosa con la mira puesta en el torneo clausura 2015, mismo que dar\u00e1 inicio el 11 de enero del venidero a\u00f1o.<\/p>\n<p style=\"text-align: justify;\">El Director T\u00e9cnico\u00a0 de Estudiantes de M\u00e9rida, Francisco \u201cPacho\u201d Moreno, indic\u00f3 que el torneo clausura va ser m\u00e1s competitivo \u201cEstamos contentos por haber reiniciado los entrenamientos, tenemos un grupo de jugadores que lo van a dar todo por los colores rojiblancos\u201d.<\/p>\n<p style=\"text-align: justify;\">Asimismo Moreno, informo que para el presente torneo contaran con los servicios del delantero\u00a0 colombiano, C\u00e9sar \u00c1lzate quien se incorporar\u00e1 el 3 de enero a los trabajos de la plantilla \u00a0despu\u00e9s de someterse al reconocimiento m\u00e9dico.<\/p>\n<p style=\"text-align: justify;\">\u201cEsperamos en el Torneo Clausura seguir mejorando, seguimos creyendo en la juventud de este equipo y nuestro objetivo es buscar un puesto a una competici\u00f3n internacional\u201d.<\/p>\n<p style=\"text-align: justify;\"><strong>\u201cPatoncito\u201d Gonz\u00e1lez jugar\u00e1 con el Zulia<\/strong><\/p>\n<p style=\"text-align: justify;\">El estratega Moreno, anunci\u00f3 que hasta el momento la \u00fanica baja que presenta Estudiantes de M\u00e9rida es la del jugador Jes\u00fas \u201cPatoncito\u201d Gonz\u00e1lez, quien jugar\u00e1 con el Zulia F.C.<\/p>\n<p style=\"text-align: justify;\">Por ultimo Moreno, \u00a0agreg\u00f3 que est\u00e1n en conversaciones con dos jugadores criollos para de esta manera reforzar la plantilla rojiblanca.<\/p>\n<p style=\"text-align: center;\"><a href=\"https:\/\/play.google.com\/store\/apps\/details?id=com.app.gradadigital\" target=\"_blank\"><img loading=\"lazy\" decoding=\"async\" class=\"alignnone size-full wp-image-15415\" src=\"http:\/\/gradadigital.com\/home\/wp-content\/uploads\/2014\/10\/banner_aplicacion_V2_GRADADIGITAL_17102014.jpg\" alt=\"banner_aplicacion_V2_GRADADIGITAL_17102014\" width=\"620\" height=\"100\" srcset=\"http:\/\/gradadigital.com\/home\/wp-content\/uploads\/2014\/10\/banner_aplicacion_V2_GRADADIGITAL_17102014.jpg 620w, http:\/\/gradadigital.com\/home\/wp-content\/uploads\/2014\/10\/banner_aplicacion_V2_GRADADIGITAL_17102014-300x48.jpg 300w\" sizes=\"auto, (max-width: 620px) 100vw, 620px\" \/><\/a><\/p>\n","protected":false},"excerpt":{"rendered":"<p>Oscar Madrid\/ Prensa Estudiantes &#8211;\u00a0El equipo Estudiantes de M\u00e9rida reinici\u00f3 el viernes 2 de enero, en horas de la tarde los entrenamientos de pretemporada en el estadio Guillermo Soto Rosa con la mira puesta en el torneo clausura 2015, mismo que dar\u00e1 inicio el 11 de enero del venidero a\u00f1o. El Director T\u00e9cnico\u00a0 de Estudiantes &#8230;<\/p>\n","protected":false},"author":4,"featured_media":16444,"comment_status":"closed","ping_status":"closed","sticky":false,"template":"","format":"standard","meta":{"footnotes":""},"categories":[752,13,5,31],"tags":[],"class_list":["post-16443","post","type-post","status-publish","format-standard","has-post-thumbnail","hentry","category-appgd","category-estudiantes-de-merida","category-futbol-nacional","category-primera-division"],"_links":{"self":[{"href":"http:\/\/gradadigital.com\/home\/wp-json\/wp\/v2\/posts\/16443","targetHints":{"allow":["GET"]}}],"collection":[{"href":"http:\/\/gradadigital.com\/home\/wp-json\/wp\/v2\/posts"}],"about":[{"href":"http:\/\/gradadigital.com\/home\/wp-json\/wp\/v2\/types\/post"}],"author":[{"embeddable":true,"href":"http:\/\/gradadigital.com\/home\/wp-json\/wp\/v2\/users\/4"}],"replies":[{"embeddable":true,"href":"http:\/\/gradadigital.com\/home\/wp-json\/wp\/v2\/comments?post=16443"}],"version-history":[{"count":1,"href":"http:\/\/gradadigital.com\/home\/wp-json\/wp\/v2\/posts\/16443\/revisions"}],"predecessor-version":[{"id":16445,"href":"http:\/\/gradadigital.com\/home\/wp-json\/wp\/v2\/posts\/16443\/revisions\/16445"}],"wp:featuredmedia":[{"embeddable":true,"href":"http:\/\/gradadigital.com\/home\/wp-json\/wp\/v2\/media\/16444"}],"wp:attachment":[{"href":"http:\/\/gradadigital.com\/home\/wp-json\/wp\/v2\/media?parent=16443"}],"wp:term":[{"taxonomy":"category","embeddable":true,"href":"http:\/\/gradadigital.com\/home\/wp-json\/wp\/v2\/categories?post=16443"},{"taxonomy":"post_tag","embeddable":true,"href":"http:\/\/gradadigital.com\/home\/wp-json\/wp\/v2\/tags?post=16443"}],"curies":[{"name":"wp","href":"https:\/\/api.w.org\/{rel}","templated":true}]}}