{"id":16399,"date":"2015-01-01T15:15:06","date_gmt":"2015-01-01T19:45:06","guid":{"rendered":"http:\/\/gradadigital.com\/home\/?p=16399"},"modified":"2015-01-01T15:23:53","modified_gmt":"2015-01-01T19:53:53","slug":"los-goles-de-pablo-olivera-llegan-a-tachira","status":"publish","type":"post","link":"http:\/\/gradadigital.com\/home\/los-goles-de-pablo-olivera-llegan-a-tachira\/","title":{"rendered":"Los goles de Pablo Olivera llegan a T\u00e1chira"},"content":{"rendered":"<p style=\"text-align: center;\"><img loading=\"lazy\" decoding=\"async\" class=\"alignnone size-full wp-image-8522\" src=\"http:\/\/gradadigital.com\/home\/wp-content\/uploads\/2014\/02\/pablo_olivera_zulia_carabobo_02022014.jpg\" alt=\"pablo_olivera_zulia_carabobo_02022014\" width=\"596\" height=\"346\" srcset=\"http:\/\/gradadigital.com\/home\/wp-content\/uploads\/2014\/02\/pablo_olivera_zulia_carabobo_02022014.jpg 596w, http:\/\/gradadigital.com\/home\/wp-content\/uploads\/2014\/02\/pablo_olivera_zulia_carabobo_02022014-300x174.jpg 300w\" sizes=\"auto, (max-width: 596px) 100vw, 596px\" \/><\/p>\n<p style=\"text-align: center;\"><img loading=\"lazy\" decoding=\"async\" class=\"alignnone size-full wp-image-16349\" src=\"http:\/\/gradadigital.com\/home\/wp-content\/uploads\/2014\/12\/banner_opcion_comentarios_gd.jpg\" alt=\"banner_opcion_comentarios_gd\" width=\"621\" height=\"41\" srcset=\"http:\/\/gradadigital.com\/home\/wp-content\/uploads\/2014\/12\/banner_opcion_comentarios_gd.jpg 621w, http:\/\/gradadigital.com\/home\/wp-content\/uploads\/2014\/12\/banner_opcion_comentarios_gd-300x19.jpg 300w, http:\/\/gradadigital.com\/home\/wp-content\/uploads\/2014\/12\/banner_opcion_comentarios_gd-620x41.jpg 620w\" sizes=\"auto, (max-width: 621px) 100vw, 621px\" \/><\/p>\n<p style=\"text-align: justify;\"><strong>Luiyi Joan Vivas \/ Prensa Deportivo T\u00e1chira &#8211;\u00a0<\/strong>El Deportivo T\u00e1chira F.C. sigue fortaleciendo su arsenal de cara al Torneo Clausura 2015 y a la Copa Bridgestone Libertadores 2015, el conjunto atigrado suma a sus filas al atacante uruguayo Pablo Olivera, como una valiosa carta de gol quien llega proveniente del club Central Espa\u00f1ol de su pa\u00eds natal.<\/p>\n<p style=\"text-align: justify;\">El delantero charr\u00faa ya sabe que es derrochar su capacidad ofensiva en Venezuela, luego de que jugara con Carabobo F.C. en la Temporada 2013-2014, anotando 17 dianas en 36 partidos. Olivera regresa al f\u00fatbol nacional con mucha ilusi\u00f3n por hacer historia en el combinado insigne del pueblo tachirense.<\/p>\n<p style=\"text-align: justify;\">Desde la \u00f3ptica de la junta directiva amarilla y negra, la llegada del artillero uruguayo potenciar\u00e1 al equipo. <strong><em>\u201cSeguimos construyendo un Deportivo T\u00e1chira fuerte para el Clausura y la Copa Libertadores, Pablo Olivera es un gran delantero y estamos seguros que nos dar\u00e1 un buen aporte en el ataque\u201d<\/em><\/strong>, expresa Jos\u00e9 Kabche, vicepresidente de la instituci\u00f3n atigrada.<\/p>\n<p style=\"text-align: justify;\"><strong><em>\u201cHemos sumado tres piezas y no nos detenemos, la ilusi\u00f3n y el objetivo sigue siendo ganar el Clausura y realizar una hist\u00f3rica participaci\u00f3n en la Copa Libertadores, eso requiere del esfuerzo y sacrificio de todos\u201d<\/em><\/strong>, agrega el directivo del siete veces campe\u00f3n del balompi\u00e9 criollo.<\/p>\n<p style=\"text-align: justify;\"><strong>Pablo Olivera: \u201cT\u00e1chira es un equipo grande y estoy feliz\u201d<\/strong><\/p>\n<p style=\"text-align: justify;\"><strong><em>\u201cMuy feliz de regresar a Venezuela, el Deportivo T\u00e1chira es un equipo grande, hay que entrenarse bastante y llegar con las ganas enormes de contribuir para hacer cosas importantes\u201d<\/em><\/strong>, relata con entusiasmo Pablo Olivera desde Uruguay, tras su vinculaci\u00f3n al Carrusel Aurinegro por los pr\u00f3ximos seis meses.<\/p>\n<p style=\"text-align: justify;\">Estar presente y ser protagonista en el m\u00e1ximo torneo de clubes del continente, representa una de las mayores ilusiones del ahora delantero atigrado. <strong><em>\u201cLa Libertadores es una vitrina grande, pero sabemos que es una serie de ida y vuelta y debemos estar concentrados, tratar\u00e9 de integrarme al grupo r\u00e1pidamente\u201d<\/em><\/strong>, valora.<\/p>\n<p style=\"text-align: justify;\">Olivera espera dejar su huella goleadora en el club de mayor tradici\u00f3n de Venezuela, del cual se llev\u00f3 grandes referencias en su primera zafra en el f\u00fatbol nacional. <strong><em>\u201cT\u00e1chira cuenta con grandes jugadores, cuando estuve en Carabobo era especial enfrentarlos, ahora espero estar pronto en San Crist\u00f3bal\u201d<\/em><\/strong>, cierra el delantero de 27 a\u00f1os, cuyo arribo a los entrenamientos est\u00e1 pautado para este mismo fin de semana.<\/p>\n<p style=\"text-align: justify;\"><strong>Ficha T\u00e9cnica:<\/strong><\/p>\n<p style=\"text-align: justify;\"><strong>Nombre completo: <\/strong>Pablo Fernando Olivera Fern\u00e1ndez.<\/p>\n<p style=\"text-align: justify;\"><strong>Fecha y lugar de nacimiento:<\/strong> 08\/12\/1987, Melo, Uruguay.<\/p>\n<p style=\"text-align: justify;\"><strong>Edad: <\/strong>27 a\u00f1os.<\/p>\n<p style=\"text-align: justify;\"><strong>Posici\u00f3n: <\/strong>Delantero.<\/p>\n<p style=\"text-align: justify;\"><strong>Perfil: <\/strong>Derecho.<\/p>\n<p style=\"text-align: justify;\"><strong>Estatura: <\/strong>1,73 cm.<\/p>\n<p style=\"text-align: justify;\"><strong>Peso: <\/strong>72Kg.<\/p>\n<p style=\"text-align: justify;\"><strong>Trayectoria: <\/strong>Cerro Largo, Rampla Juniors, River Plate, Central Espa\u00f1ol (Uruguay), Moreirense FC (Portugal), Carabobo FC (Venezuela).<\/p>\n<p style=\"text-align: center;\"><a href=\"https:\/\/play.google.com\/store\/apps\/details?id=com.app.gradadigital\" target=\"_blank\"><img loading=\"lazy\" decoding=\"async\" class=\"alignnone size-full wp-image-15415\" src=\"http:\/\/gradadigital.com\/home\/wp-content\/uploads\/2014\/10\/banner_aplicacion_V2_GRADADIGITAL_17102014.jpg\" alt=\"banner_aplicacion_V2_GRADADIGITAL_17102014\" width=\"620\" height=\"100\" srcset=\"http:\/\/gradadigital.com\/home\/wp-content\/uploads\/2014\/10\/banner_aplicacion_V2_GRADADIGITAL_17102014.jpg 620w, http:\/\/gradadigital.com\/home\/wp-content\/uploads\/2014\/10\/banner_aplicacion_V2_GRADADIGITAL_17102014-300x48.jpg 300w\" sizes=\"auto, (max-width: 620px) 100vw, 620px\" \/><\/a><\/p>\n","protected":false},"excerpt":{"rendered":"<p>Luiyi Joan Vivas \/ Prensa Deportivo T\u00e1chira &#8211;\u00a0El Deportivo T\u00e1chira F.C. sigue fortaleciendo su arsenal de cara al Torneo Clausura 2015 y a la Copa Bridgestone Libertadores 2015, el conjunto atigrado suma a sus filas al atacante uruguayo Pablo Olivera, como una valiosa carta de gol quien llega proveniente del club Central Espa\u00f1ol de su &#8230;<\/p>\n","protected":false},"author":4,"featured_media":8522,"comment_status":"closed","ping_status":"closed","sticky":false,"template":"","format":"standard","meta":{"footnotes":""},"categories":[752,37,11,5,31],"tags":[],"class_list":["post-16399","post","type-post","status-publish","format-standard","has-post-thumbnail","hentry","category-appgd","category-copa-libertadores","category-deportivo-tachira","category-futbol-nacional","category-primera-division"],"_links":{"self":[{"href":"http:\/\/gradadigital.com\/home\/wp-json\/wp\/v2\/posts\/16399","targetHints":{"allow":["GET"]}}],"collection":[{"href":"http:\/\/gradadigital.com\/home\/wp-json\/wp\/v2\/posts"}],"about":[{"href":"http:\/\/gradadigital.com\/home\/wp-json\/wp\/v2\/types\/post"}],"author":[{"embeddable":true,"href":"http:\/\/gradadigital.com\/home\/wp-json\/wp\/v2\/users\/4"}],"replies":[{"embeddable":true,"href":"http:\/\/gradadigital.com\/home\/wp-json\/wp\/v2\/comments?post=16399"}],"version-history":[{"count":1,"href":"http:\/\/gradadigital.com\/home\/wp-json\/wp\/v2\/posts\/16399\/revisions"}],"predecessor-version":[{"id":16400,"href":"http:\/\/gradadigital.com\/home\/wp-json\/wp\/v2\/posts\/16399\/revisions\/16400"}],"wp:featuredmedia":[{"embeddable":true,"href":"http:\/\/gradadigital.com\/home\/wp-json\/wp\/v2\/media\/8522"}],"wp:attachment":[{"href":"http:\/\/gradadigital.com\/home\/wp-json\/wp\/v2\/media?parent=16399"}],"wp:term":[{"taxonomy":"category","embeddable":true,"href":"http:\/\/gradadigital.com\/home\/wp-json\/wp\/v2\/categories?post=16399"},{"taxonomy":"post_tag","embeddable":true,"href":"http:\/\/gradadigital.com\/home\/wp-json\/wp\/v2\/tags?post=16399"}],"curies":[{"name":"wp","href":"https:\/\/api.w.org\/{rel}","templated":true}]}}