{"id":16344,"date":"2014-12-30T15:57:47","date_gmt":"2014-12-30T20:27:47","guid":{"rendered":"http:\/\/gradadigital.com\/home\/?p=16344"},"modified":"2014-12-30T15:57:47","modified_gmt":"2014-12-30T20:27:47","slug":"tancredi-se-desvincula-del-tachira","status":"publish","type":"post","link":"http:\/\/gradadigital.com\/home\/tancredi-se-desvincula-del-tachira\/","title":{"rendered":"Tancredi se desvincula del T\u00e1chira"},"content":{"rendered":"<p style=\"text-align: center;\"><img loading=\"lazy\" decoding=\"async\" class=\"alignnone size-full wp-image-7644\" src=\"http:\/\/gradadigital.com\/home\/wp-content\/uploads\/2014\/01\/jose_luis_tancredi_entrenamiento_tachira_08012014_1.jpg\" alt=\"jose_luis_tancredi_entrenamiento_tachira_08012014_1\" width=\"596\" height=\"346\" srcset=\"http:\/\/gradadigital.com\/home\/wp-content\/uploads\/2014\/01\/jose_luis_tancredi_entrenamiento_tachira_08012014_1.jpg 596w, http:\/\/gradadigital.com\/home\/wp-content\/uploads\/2014\/01\/jose_luis_tancredi_entrenamiento_tachira_08012014_1-300x174.jpg 300w\" sizes=\"auto, (max-width: 596px) 100vw, 596px\" \/><\/p>\n<p style=\"text-align: justify;\"><strong>Prensa Deportivo T\u00e1chira &#8211;\u00a0<\/strong>El mediocampista uruguayo Jos\u00e9 Luis Tancredi no seguir\u00e1 en el Deportivo T\u00e1chira F.C. para el Torneo Clausura y la Copa Libertadores 2015, luego de que ambas partes acordaran la rescisi\u00f3n del contrato, el cual se encontraba vigente hasta el 31 de mayo del venidero a\u00f1o.<\/p>\n<p style=\"text-align: justify;\">Tancredi lleg\u00f3 al Carrusel Aurinegro a comienzos del 2014 disputando el Clausura 2014, el Apertura 2014 y la Copa Venezuela 2014; para totalizar 35 encuentros vistiendo la insigne camiseta a rayas amarillas y negras,\u00a0 sumando 2234 minutos de juego.<\/p>\n<p style=\"text-align: justify;\">El volante uruguayo convirti\u00f3 tres goles, los dos primeros el pasado 04 de mayo en el Estadio Pachencho Romero de Maracaibo en la victoria del club m\u00e1s popular del pa\u00eds ante Zulia F.C. por marcador de 2-4. El tercer tanto de Tancredi con el Deportivo T\u00e1chira F.C. se concret\u00f3 el domingo 24 de agosto, de tiro libre en el empate a uno ante Portuguesa F.C. en el Estadio Polideportivo de Pueblo Nuevo.<\/p>\n<p style=\"text-align: justify;\">\u00a0Tras el aporte de su experiencia y liderazgo en el mediocampo tachirense, Jos\u00e9 Luis Tancredi se convierte en la primera baja aurinegra de cara al segundo semestre de la Temporada 2014-2015.<\/p>\n<p style=\"text-align: justify;\">El club tachirense agradece la disposici\u00f3n y entrega total de Jos\u00e9 Luis Tancredi, cada vez que le toc\u00f3 defender con \u00edmpetu la casaca aurinegra, dese\u00e1ndole \u00e9xito en los nuevos retos que le depare su carrera.<\/p>\n<p style=\"text-align: center;\"><a href=\"https:\/\/play.google.com\/store\/apps\/details?id=com.app.gradadigital\" target=\"_blank\"><img loading=\"lazy\" decoding=\"async\" class=\"alignnone size-full wp-image-15415\" src=\"http:\/\/gradadigital.com\/home\/wp-content\/uploads\/2014\/10\/banner_aplicacion_V2_GRADADIGITAL_17102014.jpg\" alt=\"banner_aplicacion_V2_GRADADIGITAL_17102014\" width=\"620\" height=\"100\" srcset=\"http:\/\/gradadigital.com\/home\/wp-content\/uploads\/2014\/10\/banner_aplicacion_V2_GRADADIGITAL_17102014.jpg 620w, http:\/\/gradadigital.com\/home\/wp-content\/uploads\/2014\/10\/banner_aplicacion_V2_GRADADIGITAL_17102014-300x48.jpg 300w\" sizes=\"auto, (max-width: 620px) 100vw, 620px\" \/><\/a><\/p>\n","protected":false},"excerpt":{"rendered":"<p>Prensa Deportivo T\u00e1chira &#8211;\u00a0El mediocampista uruguayo Jos\u00e9 Luis Tancredi no seguir\u00e1 en el Deportivo T\u00e1chira F.C. para el Torneo Clausura y la Copa Libertadores 2015, luego de que ambas partes acordaran la rescisi\u00f3n del contrato, el cual se encontraba vigente hasta el 31 de mayo del venidero a\u00f1o. Tancredi lleg\u00f3 al Carrusel Aurinegro a comienzos &#8230;<\/p>\n","protected":false},"author":4,"featured_media":7644,"comment_status":"closed","ping_status":"closed","sticky":false,"template":"","format":"standard","meta":{"footnotes":""},"categories":[752,11,5,31],"tags":[],"class_list":["post-16344","post","type-post","status-publish","format-standard","has-post-thumbnail","hentry","category-appgd","category-deportivo-tachira","category-futbol-nacional","category-primera-division"],"_links":{"self":[{"href":"http:\/\/gradadigital.com\/home\/wp-json\/wp\/v2\/posts\/16344","targetHints":{"allow":["GET"]}}],"collection":[{"href":"http:\/\/gradadigital.com\/home\/wp-json\/wp\/v2\/posts"}],"about":[{"href":"http:\/\/gradadigital.com\/home\/wp-json\/wp\/v2\/types\/post"}],"author":[{"embeddable":true,"href":"http:\/\/gradadigital.com\/home\/wp-json\/wp\/v2\/users\/4"}],"replies":[{"embeddable":true,"href":"http:\/\/gradadigital.com\/home\/wp-json\/wp\/v2\/comments?post=16344"}],"version-history":[{"count":1,"href":"http:\/\/gradadigital.com\/home\/wp-json\/wp\/v2\/posts\/16344\/revisions"}],"predecessor-version":[{"id":16345,"href":"http:\/\/gradadigital.com\/home\/wp-json\/wp\/v2\/posts\/16344\/revisions\/16345"}],"wp:featuredmedia":[{"embeddable":true,"href":"http:\/\/gradadigital.com\/home\/wp-json\/wp\/v2\/media\/7644"}],"wp:attachment":[{"href":"http:\/\/gradadigital.com\/home\/wp-json\/wp\/v2\/media?parent=16344"}],"wp:term":[{"taxonomy":"category","embeddable":true,"href":"http:\/\/gradadigital.com\/home\/wp-json\/wp\/v2\/categories?post=16344"},{"taxonomy":"post_tag","embeddable":true,"href":"http:\/\/gradadigital.com\/home\/wp-json\/wp\/v2\/tags?post=16344"}],"curies":[{"name":"wp","href":"https:\/\/api.w.org\/{rel}","templated":true}]}}