{"id":16338,"date":"2014-12-30T14:28:18","date_gmt":"2014-12-30T18:58:18","guid":{"rendered":"http:\/\/gradadigital.com\/home\/?p=16338"},"modified":"2014-12-30T16:57:17","modified_gmt":"2014-12-30T21:27:17","slug":"luis-cariaco-gonzalez-es-transferido-a-la-guaira","status":"publish","type":"post","link":"http:\/\/gradadigital.com\/home\/luis-cariaco-gonzalez-es-transferido-a-la-guaira\/","title":{"rendered":"Luis \u00abCariaco\u00bb Gonz\u00e1lez es transferido a La Guaira"},"content":{"rendered":"<p style=\"text-align: center;\"><img loading=\"lazy\" decoding=\"async\" class=\"alignnone size-full wp-image-14475\" src=\"http:\/\/gradadigital.com\/home\/wp-content\/uploads\/2014\/08\/luis_gonzalez_cariaco_intigas_caracas_21082014.jpg\" alt=\"luis_gonzalez_cariaco_intigas_caracas_21082014\" width=\"682\" height=\"396\" srcset=\"http:\/\/gradadigital.com\/home\/wp-content\/uploads\/2014\/08\/luis_gonzalez_cariaco_intigas_caracas_21082014.jpg 682w, http:\/\/gradadigital.com\/home\/wp-content\/uploads\/2014\/08\/luis_gonzalez_cariaco_intigas_caracas_21082014-300x174.jpg 300w\" sizes=\"auto, (max-width: 682px) 100vw, 682px\" \/><\/p>\n<p style=\"text-align: center;\"><img loading=\"lazy\" decoding=\"async\" class=\"alignnone size-full wp-image-16349\" src=\"http:\/\/gradadigital.com\/home\/wp-content\/uploads\/2014\/12\/banner_opcion_comentarios_gd.jpg\" alt=\"banner_opcion_comentarios_gd\" width=\"621\" height=\"41\" srcset=\"http:\/\/gradadigital.com\/home\/wp-content\/uploads\/2014\/12\/banner_opcion_comentarios_gd.jpg 621w, http:\/\/gradadigital.com\/home\/wp-content\/uploads\/2014\/12\/banner_opcion_comentarios_gd-300x19.jpg 300w, http:\/\/gradadigital.com\/home\/wp-content\/uploads\/2014\/12\/banner_opcion_comentarios_gd-620x41.jpg 620w\" sizes=\"auto, (max-width: 621px) 100vw, 621px\" \/><\/p>\n<p style=\"text-align: justify;\"><strong>GradaDigital.com &#8211;<\/strong> El Caracas FC, a trav\u00e9s de sus redes sociales oficiales, inform\u00f3 que el jugador Luis \u00abCariaco\u00bb Gonz\u00e1lez, ha sido transferido al Deportivo La Guaira, reciente campe\u00f3n de la Copa Venezuela 2014.<\/p>\n<p style=\"text-align: justify;\">Es la segunda baja de la instituci\u00f3n capitalina, quien dej\u00f3 de contar tambi\u00e9n con el argentino, Roberto Tucker.<\/p>\n<blockquote class=\"twitter-tweet\" lang=\"es\"><p><a href=\"https:\/\/twitter.com\/hashtag\/OFICIAL?src=hash\">#OFICIAL<\/a> | Luis Gonz\u00e1lez transferido al Deportivo La Guaira.<\/p>\n<p>\u2014 Caracas F\u00fatbol Club (@Caracas_FC) <a href=\"https:\/\/twitter.com\/Caracas_FC\/status\/550000683840442369\">diciembre 30, 2014<\/a><\/p><\/blockquote>\n<p><script src=\"\/\/platform.twitter.com\/widgets.js\" async=\"\" charset=\"utf-8\"><\/script><\/p>\n<p style=\"text-align: center;\"><a href=\"https:\/\/play.google.com\/store\/apps\/details?id=com.app.gradadigital\" target=\"_blank\"><img loading=\"lazy\" decoding=\"async\" class=\"alignnone size-full wp-image-15415\" src=\"http:\/\/gradadigital.com\/home\/wp-content\/uploads\/2014\/10\/banner_aplicacion_V2_GRADADIGITAL_17102014.jpg\" alt=\"banner_aplicacion_V2_GRADADIGITAL_17102014\" width=\"620\" height=\"100\" srcset=\"http:\/\/gradadigital.com\/home\/wp-content\/uploads\/2014\/10\/banner_aplicacion_V2_GRADADIGITAL_17102014.jpg 620w, http:\/\/gradadigital.com\/home\/wp-content\/uploads\/2014\/10\/banner_aplicacion_V2_GRADADIGITAL_17102014-300x48.jpg 300w\" sizes=\"auto, (max-width: 620px) 100vw, 620px\" \/><\/a><\/p>\n","protected":false},"excerpt":{"rendered":"<p>GradaDigital.com &#8211; El Caracas FC, a trav\u00e9s de sus redes sociales oficiales, inform\u00f3 que el jugador Luis \u00abCariaco\u00bb Gonz\u00e1lez, ha sido transferido al Deportivo La Guaira, reciente campe\u00f3n de la Copa Venezuela 2014. Es la segunda baja de la instituci\u00f3n capitalina, quien dej\u00f3 de contar tambi\u00e9n con el argentino, Roberto Tucker. #OFICIAL | Luis Gonz\u00e1lez &#8230;<\/p>\n","protected":false},"author":4,"featured_media":14475,"comment_status":"closed","ping_status":"closed","sticky":false,"template":"","format":"standard","meta":{"footnotes":""},"categories":[752,9,18,5,31],"tags":[],"class_list":["post-16338","post","type-post","status-publish","format-standard","has-post-thumbnail","hentry","category-appgd","category-caracas-fc","category-real-esppor","category-futbol-nacional","category-primera-division"],"_links":{"self":[{"href":"http:\/\/gradadigital.com\/home\/wp-json\/wp\/v2\/posts\/16338","targetHints":{"allow":["GET"]}}],"collection":[{"href":"http:\/\/gradadigital.com\/home\/wp-json\/wp\/v2\/posts"}],"about":[{"href":"http:\/\/gradadigital.com\/home\/wp-json\/wp\/v2\/types\/post"}],"author":[{"embeddable":true,"href":"http:\/\/gradadigital.com\/home\/wp-json\/wp\/v2\/users\/4"}],"replies":[{"embeddable":true,"href":"http:\/\/gradadigital.com\/home\/wp-json\/wp\/v2\/comments?post=16338"}],"version-history":[{"count":4,"href":"http:\/\/gradadigital.com\/home\/wp-json\/wp\/v2\/posts\/16338\/revisions"}],"predecessor-version":[{"id":16352,"href":"http:\/\/gradadigital.com\/home\/wp-json\/wp\/v2\/posts\/16338\/revisions\/16352"}],"wp:featuredmedia":[{"embeddable":true,"href":"http:\/\/gradadigital.com\/home\/wp-json\/wp\/v2\/media\/14475"}],"wp:attachment":[{"href":"http:\/\/gradadigital.com\/home\/wp-json\/wp\/v2\/media?parent=16338"}],"wp:term":[{"taxonomy":"category","embeddable":true,"href":"http:\/\/gradadigital.com\/home\/wp-json\/wp\/v2\/categories?post=16338"},{"taxonomy":"post_tag","embeddable":true,"href":"http:\/\/gradadigital.com\/home\/wp-json\/wp\/v2\/tags?post=16338"}],"curies":[{"name":"wp","href":"https:\/\/api.w.org\/{rel}","templated":true}]}}