{"id":1618,"date":"2013-06-20T19:51:24","date_gmt":"2013-06-21T00:21:24","guid":{"rendered":"http:\/\/gradadigital.com\/home\/?p=1618"},"modified":"2013-06-20T19:51:24","modified_gmt":"2013-06-21T00:21:24","slug":"video-jose-caraballo-queremos-darle-una-alegria-al-pais","status":"publish","type":"post","link":"http:\/\/gradadigital.com\/home\/video-jose-caraballo-queremos-darle-una-alegria-al-pais\/","title":{"rendered":"VIDEO | Jos\u00e9 Caraballo: \u00abQueremos darle una alegr\u00eda al pa\u00eds\u00bb"},"content":{"rendered":"<p style=\"text-align: center;\"><iframe loading=\"lazy\" width=\"682\" height=\"348\" src=\"http:\/\/www.youtube.com\/embed\/noyQDiZZ0S0?rel=0\" frameborder=\"0\" allowfullscreen><\/iframe>\n<p style=\"text-align: justify;\"><strong>Miguel Vallenilla &#8211;<\/strong> Tras debutar la temporada pasada con el Caracas FC, Jos\u00e9 Caraballo sigui\u00f3 cumpliendo sue\u00f1os. Defender la camiseta de Venezuela en el Sudamericano Sub 17, y para agregar, clasificar al Mundial de los Emiratos \u00c1rabes Unidos de la categor\u00eda. Hoy el jugador se prepara para los retos \u201cmundialistas\u201d.<\/p>\n<p style=\"text-align: justify;\"><strong>\u201cTenemos un nuevo sue\u00f1o y nuevas metas, y es salir campe\u00f3n del Mundial\u201d<\/strong>, expres\u00f3 Caraballo antes de integrarse al m\u00f3dulo \u201cVinotinto\u201d que dirigir\u00e1 Rafael Dudamel en Barquisimeto. El jugador aprovech\u00f3 los pocos d\u00edas de descanso para estar cerca de sus familiares. <strong>\u201cSon momentos que hay que aprovechar porque es complicado verlos\u201d<\/strong>.<\/p>\n<p style=\"text-align: justify;\">Para Caraballo, Dudamel siempre se ha mantenido cerca del plantel tras la culminaci\u00f3n del Sudamericano. <strong>\u201cNos da buenos consejos para fortalecernos\u201d<\/strong>, y el pr\u00f3ximo camino es el viaje a Miami donde disputar\u00e1n un cuadrangular como preparaci\u00f3n. <strong>\u201cBuscaremos sacar provecho para ir al Mundial\u201d<\/strong>.<\/p>\n<p style=\"text-align: justify;\">Por lo pronto, el vinotinto asegura que <strong>\u201ccambiamos el chip\u201d<\/strong>, y es que con sue\u00f1os renovados su deseo es <strong>\u201cdarle una alegr\u00eda al pa\u00eds\u201d<\/strong>. Cuando mira atr\u00e1s reconoce su lucha y amor por el f\u00fatbol, de tal manera que al observar su presente lo cataloga como algo que se dio <strong>\u201cnatural. Gracias a Dios pude salir de Car\u00fapano al Caracas, y se me han dado las cosas bonitas para seguir triunfando\u201d<\/strong>, se\u00f1al\u00f3.<\/p>\n<p style=\"text-align: justify;\"><em><strong>\u00a1Mira el resto de las declaraciones\/entrevista en nuestro video que presentamos!<\/strong><\/em><\/p>\n","protected":false},"excerpt":{"rendered":"<p>Miguel Vallenilla &#8211; Tras debutar la temporada pasada con el Caracas FC, Jos\u00e9 Caraballo sigui\u00f3 cumpliendo sue\u00f1os. Defender la camiseta de Venezuela en el Sudamericano Sub 17, y para agregar, clasificar al Mundial de los Emiratos \u00c1rabes Unidos de la categor\u00eda. Hoy el jugador se prepara para los retos \u201cmundialistas\u201d. \u201cTenemos un nuevo sue\u00f1o y &#8230;<\/p>\n","protected":false},"author":4,"featured_media":1619,"comment_status":"closed","ping_status":"closed","sticky":false,"template":"","format":"standard","meta":{"footnotes":""},"categories":[32,27,9,39,3],"tags":[],"class_list":["post-1618","post","type-post","status-publish","format-standard","has-post-thumbnail","hentry","category-especial","category-video","category-caracas-fc","category-seleccion-nacional-juveniles","category-seleccion-nacional"],"_links":{"self":[{"href":"http:\/\/gradadigital.com\/home\/wp-json\/wp\/v2\/posts\/1618","targetHints":{"allow":["GET"]}}],"collection":[{"href":"http:\/\/gradadigital.com\/home\/wp-json\/wp\/v2\/posts"}],"about":[{"href":"http:\/\/gradadigital.com\/home\/wp-json\/wp\/v2\/types\/post"}],"author":[{"embeddable":true,"href":"http:\/\/gradadigital.com\/home\/wp-json\/wp\/v2\/users\/4"}],"replies":[{"embeddable":true,"href":"http:\/\/gradadigital.com\/home\/wp-json\/wp\/v2\/comments?post=1618"}],"version-history":[{"count":1,"href":"http:\/\/gradadigital.com\/home\/wp-json\/wp\/v2\/posts\/1618\/revisions"}],"predecessor-version":[{"id":1620,"href":"http:\/\/gradadigital.com\/home\/wp-json\/wp\/v2\/posts\/1618\/revisions\/1620"}],"wp:featuredmedia":[{"embeddable":true,"href":"http:\/\/gradadigital.com\/home\/wp-json\/wp\/v2\/media\/1619"}],"wp:attachment":[{"href":"http:\/\/gradadigital.com\/home\/wp-json\/wp\/v2\/media?parent=1618"}],"wp:term":[{"taxonomy":"category","embeddable":true,"href":"http:\/\/gradadigital.com\/home\/wp-json\/wp\/v2\/categories?post=1618"},{"taxonomy":"post_tag","embeddable":true,"href":"http:\/\/gradadigital.com\/home\/wp-json\/wp\/v2\/tags?post=1618"}],"curies":[{"name":"wp","href":"https:\/\/api.w.org\/{rel}","templated":true}]}}