{"id":1606,"date":"2013-06-20T13:56:31","date_gmt":"2013-06-20T18:26:31","guid":{"rendered":"http:\/\/gradadigital.com\/home\/?p=1606"},"modified":"2013-06-20T13:56:31","modified_gmt":"2013-06-20T18:26:31","slug":"el-franco-venezolano-brad-de-blasi-probara-con-el-cd-lara","status":"publish","type":"post","link":"http:\/\/gradadigital.com\/home\/el-franco-venezolano-brad-de-blasi-probara-con-el-cd-lara\/","title":{"rendered":"El franco-venezolano Brad De Blasi probar\u00e1 con el CD Lara"},"content":{"rendered":"<p style=\"text-align: center;\"><img loading=\"lazy\" decoding=\"async\" class=\"alignnone\" alt=\"\" src=\"http:\/\/gradadigital.com\/home\/wp-content\/uploads\/2013\/06\/brad_deblasi_cdlara_20062013.jpg\" width=\"596\" height=\"346\" \/><\/p>\n<p style=\"text-align: justify;\"><strong>Lcdo. Ram\u00f3n Medina &#8211;<\/strong> Con un \u201cVenezuela\u201d tatuado en su\u00a0 mu\u00f1eca, el jugador franco-venezolano llega al Deportivo Lara para probar con el conjunto rojinegro durante toda la pretemporada en v\u00edsperas de la zafra 2013-2014.<\/p>\n<p style=\"text-align: justify;\">Para el defensor central, esta oportunidad de ganarse un puesto en un equipo venezolano lo hace especial para \u00e9l, teniendo como referencia al Depor como un club ganador y reconocido en el pa\u00eds.<\/p>\n<p style=\"text-align: justify;\">\u201cPrimero agradezco al presidente en darme la oportunidad de hacer una prueba con el equipo, de verdad me gustar\u00eda firmar con el Deportivo Lara, es un club muy bueno y est\u00e1 muy reconocido en Venezuela\u201d fueron las primeras palabras del joven de 24 a\u00f1os.<\/p>\n<p style=\"text-align: justify;\">Nunca ha disputado minutos en suelo criollo. \u201cSolamente he tenido experiencia en Europa, he jugado en Espa\u00f1a y Francia pero en Venezuela nunca, me gustar\u00eda jugar para la Vinotinto en un futuro.\u201d<\/p>\n<p style=\"text-align: justify;\">Para quien ahora estar\u00e1 bajo los ojos del estratega Len\u00edn Bastidas, busc\u00f3 definirse como jugador en la cancha. \u201cSoy defensor central, juego con calma y salida, pero tengo un juego un poco fuerte, pero cuando logr\u00f3 pegar, solamente no hablo y me dedico a jugar.\u201d<\/p>\n<p style=\"text-align: justify;\">\u201cEl f\u00fatbol venezolano a crecido mucho, bastante, la Vinotinto se oye en todos lados, all\u00e1 en Europa siempre se habla de Arango y Cichero que son conocidos.\u201d Coment\u00f3.<\/p>\n<p style=\"text-align: justify;\">En Francia, logr\u00f3\u00a0jugar contra otro legionario, Yonathan Del Valle quien militaba en el Auxerre. \u201cTuve la oportunidad de jugar contra Yonathan Del Valle, \u00e9l estaba en la reserva del Auxerre, pero fue un amistoso nada m\u00e1s.\u201d<\/p>\n<p style=\"text-align: justify;\">Con su llegada, confiesa que no solo buscar\u00e1\u00a0ganarse un puesto con el equipo, sino tambi\u00e9n la confianza con los jugadores y la gente. \u201cHay que entregarse, ese es el problema, que como vengo de afuera no me la gente y jugadores no me ver\u00e1n como un venezolano com\u00fan, ser\u00e1 un poco complicado pero la confianza se gana jugando, si muestro en la cancha que valgo algo podr\u00e9 ganar su confianza.\u201d<\/p>\n<p style=\"text-align: justify;\">FICHA T\u00c9CNICA:<br \/>\nNombre: Brad De Blasi<br \/>\nFecha de nacimiento: 22 de mayo de 1989<br \/>\nPosici\u00f3n: Defensa central.<br \/>\nEquipos: Gap Hautes-Alpes FC (Francia), Benidorm CD (Espa\u00f1a), FC Chartres (Francia), AS Marck (Francia) y el Saint-Pryv\u00e9 Saint-Hilaire FC<br \/>\nPerfil: Maneja las dos piernas.<br \/>\nAltura: 1,86<br \/>\nPeso: 78Kg<\/p>\n","protected":false},"excerpt":{"rendered":"<p>Lcdo. Ram\u00f3n Medina &#8211; Con un \u201cVenezuela\u201d tatuado en su\u00a0 mu\u00f1eca, el jugador franco-venezolano llega al Deportivo Lara para probar con el conjunto rojinegro durante toda la pretemporada en v\u00edsperas de la zafra 2013-2014. Para el defensor central, esta oportunidad de ganarse un puesto en un equipo venezolano lo hace especial para \u00e9l, teniendo como &#8230;<\/p>\n","protected":false},"author":4,"featured_media":1607,"comment_status":"closed","ping_status":"closed","sticky":false,"template":"","format":"standard","meta":{"footnotes":""},"categories":[8,5,31],"tags":[],"class_list":["post-1606","post","type-post","status-publish","format-standard","has-post-thumbnail","hentry","category-cd-lara","category-futbol-nacional","category-primera-division"],"_links":{"self":[{"href":"http:\/\/gradadigital.com\/home\/wp-json\/wp\/v2\/posts\/1606","targetHints":{"allow":["GET"]}}],"collection":[{"href":"http:\/\/gradadigital.com\/home\/wp-json\/wp\/v2\/posts"}],"about":[{"href":"http:\/\/gradadigital.com\/home\/wp-json\/wp\/v2\/types\/post"}],"author":[{"embeddable":true,"href":"http:\/\/gradadigital.com\/home\/wp-json\/wp\/v2\/users\/4"}],"replies":[{"embeddable":true,"href":"http:\/\/gradadigital.com\/home\/wp-json\/wp\/v2\/comments?post=1606"}],"version-history":[{"count":2,"href":"http:\/\/gradadigital.com\/home\/wp-json\/wp\/v2\/posts\/1606\/revisions"}],"predecessor-version":[{"id":1609,"href":"http:\/\/gradadigital.com\/home\/wp-json\/wp\/v2\/posts\/1606\/revisions\/1609"}],"wp:featuredmedia":[{"embeddable":true,"href":"http:\/\/gradadigital.com\/home\/wp-json\/wp\/v2\/media\/1607"}],"wp:attachment":[{"href":"http:\/\/gradadigital.com\/home\/wp-json\/wp\/v2\/media?parent=1606"}],"wp:term":[{"taxonomy":"category","embeddable":true,"href":"http:\/\/gradadigital.com\/home\/wp-json\/wp\/v2\/categories?post=1606"},{"taxonomy":"post_tag","embeddable":true,"href":"http:\/\/gradadigital.com\/home\/wp-json\/wp\/v2\/tags?post=1606"}],"curies":[{"name":"wp","href":"https:\/\/api.w.org\/{rel}","templated":true}]}}