{"id":16030,"date":"2014-12-10T08:06:34","date_gmt":"2014-12-10T12:36:34","guid":{"rendered":"http:\/\/gradadigital.com\/home\/?p=16030"},"modified":"2014-12-10T08:06:34","modified_gmt":"2014-12-10T12:36:34","slug":"alejandro-guerra-va-por-la-gloria","status":"publish","type":"post","link":"http:\/\/gradadigital.com\/home\/alejandro-guerra-va-por-la-gloria\/","title":{"rendered":"Alejandro Guerra va por la gloria"},"content":{"rendered":"<p style=\"text-align: center;\"><img loading=\"lazy\" decoding=\"async\" class=\"alignnone size-full wp-image-16031\" src=\"http:\/\/gradadigital.com\/home\/wp-content\/uploads\/2014\/12\/alejandro_guerra_poncio_atlnacional_river_03122014.jpg\" alt=\"alejandro_guerra_poncio_atlnacional_river_03122014\" width=\"682\" height=\"396\" srcset=\"http:\/\/gradadigital.com\/home\/wp-content\/uploads\/2014\/12\/alejandro_guerra_poncio_atlnacional_river_03122014.jpg 682w, http:\/\/gradadigital.com\/home\/wp-content\/uploads\/2014\/12\/alejandro_guerra_poncio_atlnacional_river_03122014-300x174.jpg 300w\" sizes=\"auto, (max-width: 682px) 100vw, 682px\" \/><\/p>\n<p style=\"text-align: justify;\"><strong>AFP &#8211;<\/strong> Tanto colombianos como argentinos tienen ante s\u00ed una gran ocasi\u00f3n para ponerle fin a una larga sequ\u00eda en el campo internacional, pues los &#8216;millonarios&#8217; no alzan un trofeo fuera de casa desde la obtenci\u00f3n de la Supercopa Sudamericana-1997, y los &#8216;verdolagas&#8217; celebraron su \u00faltima conquista oficial hace 14 a\u00f1os, cuando lograron la Copa Merconorte.<\/p>\n<p style=\"text-align: justify;\">Mientras Atl\u00e9tico Nacional intentar\u00e1 darle a Colombia su primera Copa Sudamericana, River ir\u00e1 por la s\u00e9ptima coronaci\u00f3n para un equipo argentino &#8211;despu\u00e9s de San Lorenzo (ganador en 2002), Boca (2004 y 2005), Arsenal (2007), Independiente (2010) y Lan\u00fas (2013)&#8211;, y as\u00ed poder olvidar la decepci\u00f3n de 2003, cuando perdi\u00f3 la definici\u00f3n ante el peruano Cienciano.<\/p>\n<p style=\"text-align: justify;\">Tras el empate en los primeros 90 minutos, el ganador del desquite ser\u00e1 el que levante la copa, ya que a diferencia del resto del certamen, en esta definici\u00f3n no tendr\u00e1n doble valor los goles como visitante.<\/p>\n<p style=\"text-align: justify;\">Una nueva igualdad en tiempo reglamentario conducir\u00e1 a un suplementario de 30 minutos, y de persistir la paridad, habr\u00e1 una definici\u00f3n por penales.<\/p>\n<p style=\"text-align: justify;\">En el partido de ida, Atl\u00e9tico Nacional dej\u00f3 una muy buena imagen en el primer tiempo cuando domin\u00f3 ampliamente y gener\u00f3 ocasiones para sacar mayor ventaja, pero no capitaliz\u00f3 su momento y decay\u00f3 en la segunda mitad a la vez que River mejor\u00f3, lleg\u00f3 a la igualdad y hasta estuvo a cent\u00edmetros de quedarse con la victoria cerca del ep\u00edlogo.<\/p>\n<p style=\"text-align: justify;\">\u00abIntentaremos que Nacional no asuma el control del partido como hizo en la primera mitad en Medell\u00edn. Iremos a buscar el partido ante un rival de cuidado, que tiene jugadores muy t\u00e9cnicos, y hay que tomar recaudos. Pero nuestro equipo ha mostrado que, cuando no se pudo jugar bien, estuvo a la altura\u00bb, afirm\u00f3 el entenador de River, Marcelo Gallardo.<\/p>\n<p style=\"text-align: justify;\"><strong>&#8211; Nacional, un buen visitante &#8211;<\/strong><\/p>\n<p style=\"text-align: justify;\">Tras una semana de descanso en la que River posterg\u00f3 su partido de la \u00faltima fecha del campeonato argentino en el que a\u00fan tiene posibilidades de luchar por el t\u00edtulo, la \u00fanica novedad es la ausencia confirmada del zaguero Jonatan Maidana, quien se resinti\u00f3 de una lesi\u00f3n en el isquiotibial de la pierna izquierda y ser\u00e1 reemplazado por Germ\u00e1n Pezzella.<\/p>\n<p style=\"text-align: justify;\">El otro cambio ser\u00e1 el regreso de Gabriel Mercado en el lateral derecho de la defensa, en lugar de Emanuel Mammana, luego de cumplir una fecha de suspensi\u00f3n.<\/p>\n<p style=\"text-align: justify;\">De su lado, Atl\u00e9tico Nacional viaj\u00f3 el lunes a Buenos Aires con el plantel completo y la intenci\u00f3n de conquistar la Copa Sudamericana, 12 a\u00f1os despu\u00e9s de la \u00fanica final protagonizada por el equipo &#8216;paisa&#8217;, con derrota ante el argentino San Lorenzo.<\/p>\n<p style=\"text-align: justify;\">Luego del 1-1 en el Atanasio Girardot, el entrenador Juan Carlos Osorio admiti\u00f3 su decepci\u00f3n.<\/p>\n<p style=\"text-align: justify;\">\u00abNo s\u00e9 qu\u00e9 le paso a mi equipo. Pero hemos demostrado que les perdimos el respeto a los brasile\u00f1os (cuando elimin\u00f3 a Sao Paulo). Esta es una oportunidad para demostrar de qu\u00e9 estamos hechos\u00bb, destac\u00f3.<\/p>\n<p style=\"text-align: justify;\">Al igual que River, Atl\u00e9tico Nacional tambi\u00e9n es protagonista en el torneo de su pa\u00eds, pero Osorio prefiri\u00f3 alinear una formaci\u00f3n alternativa en la semifinal del torneo Clausura, con ca\u00edda por 1-0 frente a Atl\u00e9tico Huila el s\u00e1bado pasado.<\/p>\n<p style=\"text-align: justify;\">Con entradas agotadas desde hace varios d\u00edas, el encuentro se jugar\u00e1 en el estadio Monumental desde las 21H15 locales (00H15 GMT) y ser\u00e1 arbitrado por el uruguayo Dar\u00edo Ubriaco, secundado en las bandas por Miguel \u00c1ngel Nievas y Mauricio Espinosa.<\/p>\n<p style=\"text-align: center;\"><a href=\"https:\/\/play.google.com\/store\/apps\/details?id=com.app.gradadigital\" target=\"_blank\"><img loading=\"lazy\" decoding=\"async\" class=\"alignnone size-full wp-image-15415\" src=\"http:\/\/gradadigital.com\/home\/wp-content\/uploads\/2014\/10\/banner_aplicacion_V2_GRADADIGITAL_17102014.jpg\" alt=\"banner_aplicacion_V2_GRADADIGITAL_17102014\" width=\"620\" height=\"100\" srcset=\"http:\/\/gradadigital.com\/home\/wp-content\/uploads\/2014\/10\/banner_aplicacion_V2_GRADADIGITAL_17102014.jpg 620w, http:\/\/gradadigital.com\/home\/wp-content\/uploads\/2014\/10\/banner_aplicacion_V2_GRADADIGITAL_17102014-300x48.jpg 300w\" sizes=\"auto, (max-width: 620px) 100vw, 620px\" \/><\/a><\/p>\n<p style=\"text-align: justify;\">Estas son las posibles alineaciones:<br \/>\nRiver: Marcelo Barovero &#8211; Gabriel Mercado, Germ\u00e1n Pezzella, Ramiro Funes Mori, Leonel Vangioni &#8211; Carlos S\u00e1nchez, Leonardo Ponzio, Ariel Rojas &#8211; Leonardo Pisculichi &#8211; Rodrigo Mora y Te\u00f3filo Guti\u00e9rrez. DT: Marcelo Gallardo.<br \/>\nAtl\u00e9tico Nacional: Franco Armani &#8211; Daniel Bocanegra, Alexis Henr\u00edquez o Francisco N\u00e1jera, Oscar Murillo &#8211; Alejandro Bernal, Alexander Mej\u00eda, Farid D\u00edaz, Edwin Cardona &#8211; Jonathan Copete, Orlando Berr\u00edo y Luis Carlos Ruiz. DT: Juan Carlos Osorio.<\/p>\n","protected":false},"excerpt":{"rendered":"<p>AFP &#8211; Tanto colombianos como argentinos tienen ante s\u00ed una gran ocasi\u00f3n para ponerle fin a una larga sequ\u00eda en el campo internacional, pues los &#8216;millonarios&#8217; no alzan un trofeo fuera de casa desde la obtenci\u00f3n de la Supercopa Sudamericana-1997, y los &#8216;verdolagas&#8217; celebraron su \u00faltima conquista oficial hace 14 a\u00f1os, cuando lograron la Copa &#8230;<\/p>\n","protected":false},"author":4,"featured_media":16031,"comment_status":"closed","ping_status":"closed","sticky":false,"template":"","format":"standard","meta":{"footnotes":""},"categories":[752,38,36,4],"tags":[],"class_list":["post-16030","post","type-post","status-publish","format-standard","has-post-thumbnail","hentry","category-appgd","category-copa-sudamericana","category-internacional","category-legionarios"],"_links":{"self":[{"href":"http:\/\/gradadigital.com\/home\/wp-json\/wp\/v2\/posts\/16030","targetHints":{"allow":["GET"]}}],"collection":[{"href":"http:\/\/gradadigital.com\/home\/wp-json\/wp\/v2\/posts"}],"about":[{"href":"http:\/\/gradadigital.com\/home\/wp-json\/wp\/v2\/types\/post"}],"author":[{"embeddable":true,"href":"http:\/\/gradadigital.com\/home\/wp-json\/wp\/v2\/users\/4"}],"replies":[{"embeddable":true,"href":"http:\/\/gradadigital.com\/home\/wp-json\/wp\/v2\/comments?post=16030"}],"version-history":[{"count":1,"href":"http:\/\/gradadigital.com\/home\/wp-json\/wp\/v2\/posts\/16030\/revisions"}],"predecessor-version":[{"id":16032,"href":"http:\/\/gradadigital.com\/home\/wp-json\/wp\/v2\/posts\/16030\/revisions\/16032"}],"wp:featuredmedia":[{"embeddable":true,"href":"http:\/\/gradadigital.com\/home\/wp-json\/wp\/v2\/media\/16031"}],"wp:attachment":[{"href":"http:\/\/gradadigital.com\/home\/wp-json\/wp\/v2\/media?parent=16030"}],"wp:term":[{"taxonomy":"category","embeddable":true,"href":"http:\/\/gradadigital.com\/home\/wp-json\/wp\/v2\/categories?post=16030"},{"taxonomy":"post_tag","embeddable":true,"href":"http:\/\/gradadigital.com\/home\/wp-json\/wp\/v2\/tags?post=16030"}],"curies":[{"name":"wp","href":"https:\/\/api.w.org\/{rel}","templated":true}]}}